{"id":19129,"date":"2023-02-28T13:38:10","date_gmt":"2023-02-28T17:38:10","guid":{"rendered":"https:\/\/www.pedroandretta.info\/index\/2023\/02\/28\/quem-sao-os-yanomami-e-qual-e-o-territorio-que-eles-ocupam-na-amazonia-l-no-bra\/"},"modified":"2023-02-28T13:38:10","modified_gmt":"2023-02-28T17:38:10","slug":"quem-sao-os-yanomami-e-qual-e-o-territorio-que-eles-ocupam-na-amazonia-l-no-bra","status":"publish","type":"post","link":"https:\/\/www.pedroandretta.info\/index\/2023\/02\/quem-sao-os-yanomami-e-qual-e-o-territorio-que-eles-ocupam-na-amazonia-l-no-bra\/","title":{"rendered":"Quem s\u00e3o os yanomami e qual \u00e9 o territ\u00f3rio que eles ocupam na Amaz\u00f4nia l \u201cNo Bra&#8230;"},"content":{"rendered":"<p>[ad_1]<\/p>\n<p>Quem s\u00e3o os yanomami e qual \u00e9 o territ\u00f3rio que eles ocupam na Amaz\u00f4nia l \u201cNo Brasil, os primeiros encontros diretos de yanomamis com n\u00e3o ind\u00edgenas ocorreram entre as d\u00e9cadas de 1910 e 1940.\u201d #PovosInd\u00edgenas #Amaz\u00f4nia via BC UFRGS <a href=\"https:\/\/www.ufrgs.br\/bibliotecacentral\/quem-sao-os-yanomami-e-qual-e-o-territorio-que-eles-ocupam-na-amazonia\/\" target=\"_blank\" rel=\"noopener\">ufrgs.br\/bibliotecacent\u2026<\/a><br \/>\n[ad_2]<br \/>\n<br \/>Acesse o item em: <a href=\"https:\/\/www.ufrgs.br\/bibliotecacentral\/quem-sao-os-yanomami-e-qual-e-o-territorio-que-eles-ocupam-na-amazonia\/\">https:\/\/www.ufrgs.br\/bibliotecacentral\/quem-sao-os-yanomami-e-qual-e-o-territorio-que-eles-ocupam-na-amazonia\/<\/a><\/p>\n","protected":false},"excerpt":{"rendered":"<p>[ad_1] Quem s\u00e3o os yanomami e qual \u00e9 o territ\u00f3rio que eles ocupam na Amaz\u00f4nia l \u201cNo Brasil, os primeiros encontros diretos de yanomamis com n\u00e3o ind\u00edgenas ocorreram entre as d\u00e9cadas de 1910 e 1940.\u201d #PovosInd\u00edgenas #Amaz\u00f4nia via BC UFRGS ufrgs.br\/bibliotecacent\u2026 [ad_2] Acesse o item em: https:\/\/www.ufrgs.br\/bibliotecacentral\/quem-sao-os-yanomami-e-qual-e-o-territorio-que-eles-ocupam-na-amazonia\/<\/p>\n","protected":false},"author":1,"featured_media":0,"comment_status":"open","ping_status":"open","sticky":false,"template":"","format":"standard","meta":{"_jetpack_memberships_contains_paid_content":false,"footnotes":"","jetpack_publicize_message":"","jetpack_publicize_feature_enabled":true,"jetpack_social_post_already_shared":true,"jetpack_social_options":{"image_generator_settings":{"template":"highway","default_image_id":0,"font":"","enabled":false},"version":2}},"categories":[21],"tags":[971,2700],"class_list":["post-19129","post","type-post","status-publish","format-standard","hentry","category-informeci","tag-amazonia","tag-povosindigenas"],"jetpack_publicize_connections":[],"jetpack_featured_media_url":"","views":"","jetpack_sharing_enabled":true,"_links":{"self":[{"href":"https:\/\/www.pedroandretta.info\/index\/wp-json\/wp\/v2\/posts\/19129","targetHints":{"allow":["GET"]}}],"collection":[{"href":"https:\/\/www.pedroandretta.info\/index\/wp-json\/wp\/v2\/posts"}],"about":[{"href":"https:\/\/www.pedroandretta.info\/index\/wp-json\/wp\/v2\/types\/post"}],"author":[{"embeddable":true,"href":"https:\/\/www.pedroandretta.info\/index\/wp-json\/wp\/v2\/users\/1"}],"replies":[{"embeddable":true,"href":"https:\/\/www.pedroandretta.info\/index\/wp-json\/wp\/v2\/comments?post=19129"}],"version-history":[{"count":0,"href":"https:\/\/www.pedroandretta.info\/index\/wp-json\/wp\/v2\/posts\/19129\/revisions"}],"wp:attachment":[{"href":"https:\/\/www.pedroandretta.info\/index\/wp-json\/wp\/v2\/media?parent=19129"}],"wp:term":[{"taxonomy":"category","embeddable":true,"href":"https:\/\/www.pedroandretta.info\/index\/wp-json\/wp\/v2\/categories?post=19129"},{"taxonomy":"post_tag","embeddable":true,"href":"https:\/\/www.pedroandretta.info\/index\/wp-json\/wp\/v2\/tags?post=19129"}],"curies":[{"name":"wp","href":"https:\/\/api.w.org\/{rel}","templated":true}]}}