{"id":19239,"date":"2023-03-10T23:59:44","date_gmt":"2023-03-11T03:59:44","guid":{"rendered":"https:\/\/www.pedroandretta.info\/index\/2023\/03\/10\/o-conteudo-de-midias-sociais-como-documento-arquivistico-e-os-desafios-a-sua-pre\/"},"modified":"2023-03-10T23:59:44","modified_gmt":"2023-03-11T03:59:44","slug":"o-conteudo-de-midias-sociais-como-documento-arquivistico-e-os-desafios-a-sua-pre","status":"publish","type":"post","link":"https:\/\/www.pedroandretta.info\/index\/2023\/03\/o-conteudo-de-midias-sociais-como-documento-arquivistico-e-os-desafios-a-sua-pre\/","title":{"rendered":"O conte\u00fado de m\u00eddias sociais como documento arquiv\u00edstico e os desafios \u00e0 sua pre&#8230;"},"content":{"rendered":"<p>[ad_1]<br \/>\n<img data-recalc-dims=\"1\" decoding=\"async\" src=\"https:\/\/i0.wp.com\/pbs.twimg.com\/media\/Fq6RgoKWIAEFC8i.jpg?w=696&#038;ssl=1\" \/><\/p>\n<p>O conte\u00fado de m\u00eddias sociais como documento arquiv\u00edstico e os desafios \u00e0 sua preserva\u00e7\u00e3o: uma an\u00e1lise a partir do contexto internacional l #M\u00eddiasSociais #Preserva\u00e7\u00e3oDigital #DocumentoArquiv\u00edstico <a href=\"https:\/\/app.uff.br\/riuff\/handle\/1\/28128\" target=\"_blank\" rel=\"noopener\">app.uff.br\/riuff\/handle\/1\u2026<\/a> <a href=\"https:\/\/t.co\/f54BS5yjaF\" target=\"_blank\" rel=\"noopener\">https:\/\/t.co\/f54BS5yjaF<\/a><br \/>\n[ad_2]<br \/>\n<br \/>Acesse o item em: <a href=\"https:\/\/app.uff.br\/riuff\/handle\/1\/28128\">https:\/\/app.uff.br\/riuff\/handle\/1\/28128<\/a><\/p>\n","protected":false},"excerpt":{"rendered":"<p>[ad_1] O conte\u00fado de m\u00eddias sociais como documento arquiv\u00edstico e os desafios \u00e0 sua preserva\u00e7\u00e3o: uma an\u00e1lise a partir do contexto internacional l #M\u00eddiasSociais #Preserva\u00e7\u00e3oDigital #DocumentoArquiv\u00edstico app.uff.br\/riuff\/handle\/1\u2026 https:\/\/t.co\/f54BS5yjaF [ad_2] Acesse o item em: https:\/\/app.uff.br\/riuff\/handle\/1\/28128<\/p>\n","protected":false},"author":1,"featured_media":19240,"comment_status":"open","ping_status":"open","sticky":false,"template":"","format":"standard","meta":{"_jetpack_newsletter_access":"","_jetpack_dont_email_post_to_subs":false,"_jetpack_newsletter_tier_id":0,"_jetpack_memberships_contains_paywalled_content":false,"_jetpack_feature_clip_id":0,"_jetpack_memberships_contains_paid_content":false,"footnotes":"","jetpack_publicize_message":"","jetpack_publicize_feature_enabled":true,"jetpack_social_post_already_shared":true,"jetpack_social_options":{"image_generator_settings":{"template":"highway","default_image_id":0,"font":"","enabled":false},"version":2},"jetpack_post_was_ever_published":false},"categories":[21],"tags":[3477,794,296],"class_list":["post-19239","post","type-post","status-publish","format-standard","has-post-thumbnail","hentry","category-informeci","tag-documentoarquivistico","tag-midiassociais","tag-preservacaodigital"],"jetpack_publicize_connections":[],"jetpack_featured_media_url":"https:\/\/i0.wp.com\/www.pedroandretta.info\/index\/wp-content\/uploads\/2023\/03\/Fq6RgoKWIAEFC8i.jpg?fit=640%2C871&ssl=1","views":"","jetpack_sharing_enabled":true,"_links":{"self":[{"href":"https:\/\/www.pedroandretta.info\/index\/wp-json\/wp\/v2\/posts\/19239","targetHints":{"allow":["GET"]}}],"collection":[{"href":"https:\/\/www.pedroandretta.info\/index\/wp-json\/wp\/v2\/posts"}],"about":[{"href":"https:\/\/www.pedroandretta.info\/index\/wp-json\/wp\/v2\/types\/post"}],"author":[{"embeddable":true,"href":"https:\/\/www.pedroandretta.info\/index\/wp-json\/wp\/v2\/users\/1"}],"replies":[{"embeddable":true,"href":"https:\/\/www.pedroandretta.info\/index\/wp-json\/wp\/v2\/comments?post=19239"}],"version-history":[{"count":0,"href":"https:\/\/www.pedroandretta.info\/index\/wp-json\/wp\/v2\/posts\/19239\/revisions"}],"wp:featuredmedia":[{"embeddable":true,"href":"https:\/\/www.pedroandretta.info\/index\/wp-json\/wp\/v2\/media\/19240"}],"wp:attachment":[{"href":"https:\/\/www.pedroandretta.info\/index\/wp-json\/wp\/v2\/media?parent=19239"}],"wp:term":[{"taxonomy":"category","embeddable":true,"href":"https:\/\/www.pedroandretta.info\/index\/wp-json\/wp\/v2\/categories?post=19239"},{"taxonomy":"post_tag","embeddable":true,"href":"https:\/\/www.pedroandretta.info\/index\/wp-json\/wp\/v2\/tags?post=19239"}],"curies":[{"name":"wp","href":"https:\/\/api.w.org\/{rel}","templated":true}]}}