{"id":19329,"date":"2023-03-20T17:32:27","date_gmt":"2023-03-20T21:32:27","guid":{"rendered":"https:\/\/www.pedroandretta.info\/index\/2023\/03\/20\/reacao-de-servidores-a-opressao-do-governo-bolsonaro-barrou-desmonte-das-institu\/"},"modified":"2023-03-20T17:32:27","modified_gmt":"2023-03-20T21:32:27","slug":"reacao-de-servidores-a-opressao-do-governo-bolsonaro-barrou-desmonte-das-institu","status":"publish","type":"post","link":"https:\/\/www.pedroandretta.info\/index\/2023\/03\/reacao-de-servidores-a-opressao-do-governo-bolsonaro-barrou-desmonte-das-institu\/","title":{"rendered":"Rea\u00e7\u00e3o de servidores \u00e0 opress\u00e3o do governo Bolsonaro barrou desmonte das institu&#8230;"},"content":{"rendered":"<p>[ad_1]<\/p>\n<p>Rea\u00e7\u00e3o de servidores \u00e0 opress\u00e3o do governo Bolsonaro barrou desmonte das institui\u00e7\u00f5es l &#8220;Pr\u00e1ticas de opress\u00e3o, como exonera\u00e7\u00e3o e remo\u00e7\u00e3o de postos de trabalho, foram intensificadas no governo Bolsonaro&#8221; #GovernoBolsonaro via Ag\u00eancia Bori <a href=\"https:\/\/abori.com.br\/economia-e-administracao\/servidores-federais-reacao-opressao-governo-bolsonaro\/\" target=\"_blank\" rel=\"noopener\">abori.com.br\/economia-e-adm\u2026<\/a><br \/>\n[ad_2]<br \/>\n<br \/>Acesse o item em: <a href=\"https:\/\/abori.com.br\/economia-e-administracao\/servidores-federais-reacao-opressao-governo-bolsonaro\/\">https:\/\/abori.com.br\/economia-e-administracao\/servidores-federais-reacao-opressao-governo-bolsonaro\/<\/a><\/p>\n","protected":false},"excerpt":{"rendered":"<p>[ad_1] Rea\u00e7\u00e3o de servidores \u00e0 opress\u00e3o do governo Bolsonaro barrou desmonte das institui\u00e7\u00f5es l &#8220;Pr\u00e1ticas de opress\u00e3o, como exonera\u00e7\u00e3o e remo\u00e7\u00e3o de postos de trabalho, foram intensificadas no governo Bolsonaro&#8221; #GovernoBolsonaro via Ag\u00eancia Bori abori.com.br\/economia-e-adm\u2026 [ad_2] Acesse o item em: https:\/\/abori.com.br\/economia-e-administracao\/servidores-federais-reacao-opressao-governo-bolsonaro\/<\/p>\n","protected":false},"author":1,"featured_media":0,"comment_status":"open","ping_status":"open","sticky":false,"template":"","format":"standard","meta":{"_jetpack_memberships_contains_paid_content":false,"footnotes":"","jetpack_publicize_message":"","jetpack_publicize_feature_enabled":true,"jetpack_social_post_already_shared":true,"jetpack_social_options":{"image_generator_settings":{"template":"highway","default_image_id":0,"font":"","enabled":false},"version":2}},"categories":[21],"tags":[2267],"class_list":["post-19329","post","type-post","status-publish","format-standard","hentry","category-informeci","tag-governobolsonaro"],"jetpack_publicize_connections":[],"jetpack_featured_media_url":"","views":"","jetpack_sharing_enabled":true,"_links":{"self":[{"href":"https:\/\/www.pedroandretta.info\/index\/wp-json\/wp\/v2\/posts\/19329","targetHints":{"allow":["GET"]}}],"collection":[{"href":"https:\/\/www.pedroandretta.info\/index\/wp-json\/wp\/v2\/posts"}],"about":[{"href":"https:\/\/www.pedroandretta.info\/index\/wp-json\/wp\/v2\/types\/post"}],"author":[{"embeddable":true,"href":"https:\/\/www.pedroandretta.info\/index\/wp-json\/wp\/v2\/users\/1"}],"replies":[{"embeddable":true,"href":"https:\/\/www.pedroandretta.info\/index\/wp-json\/wp\/v2\/comments?post=19329"}],"version-history":[{"count":0,"href":"https:\/\/www.pedroandretta.info\/index\/wp-json\/wp\/v2\/posts\/19329\/revisions"}],"wp:attachment":[{"href":"https:\/\/www.pedroandretta.info\/index\/wp-json\/wp\/v2\/media?parent=19329"}],"wp:term":[{"taxonomy":"category","embeddable":true,"href":"https:\/\/www.pedroandretta.info\/index\/wp-json\/wp\/v2\/categories?post=19329"},{"taxonomy":"post_tag","embeddable":true,"href":"https:\/\/www.pedroandretta.info\/index\/wp-json\/wp\/v2\/tags?post=19329"}],"curies":[{"name":"wp","href":"https:\/\/api.w.org\/{rel}","templated":true}]}}