{"id":19585,"date":"2023-04-05T17:35:40","date_gmt":"2023-04-05T21:35:40","guid":{"rendered":"https:\/\/www.pedroandretta.info\/index\/2023\/04\/05\/a-mediacao-linguistica-como-garantia-de-direitos-no-brasil-l-os-recentes-fluxos\/"},"modified":"2023-04-05T17:35:40","modified_gmt":"2023-04-05T21:35:40","slug":"a-mediacao-linguistica-como-garantia-de-direitos-no-brasil-l-os-recentes-fluxos","status":"publish","type":"post","link":"https:\/\/www.pedroandretta.info\/index\/2023\/04\/a-mediacao-linguistica-como-garantia-de-direitos-no-brasil-l-os-recentes-fluxos\/","title":{"rendered":"A media\u00e7\u00e3o lingu\u00edstica como garantia de direitos no Brasil l &#8220;Os recentes fluxos&#8230;"},"content":{"rendered":"<p>[ad_1]<br \/>\n<img data-recalc-dims=\"1\" decoding=\"async\" src=\"https:\/\/i0.wp.com\/pbs.twimg.com\/media\/Fs-y7PRXsAEqMJb.png?w=696&#038;ssl=1\" \/><\/p>\n<p>A media\u00e7\u00e3o lingu\u00edstica como garantia de direitos no Brasil l &#8220;Os recentes fluxos migrat\u00f3rios para o Brasil demandam do Estado um novo  olhar sobre as necessidades sociais dos indiv\u00edduos rec\u00e9m-chegados ao  pa\u00eds.&#8221; #Imigrantes  #Media\u00e7\u00e3oLingu\u00edstica  <a href=\"https:\/\/periodicos.sbu.unicamp.br\/ojs\/index.php\/tla\/article\/view\/8669207\" target=\"_blank\" rel=\"noopener\">periodicos.sbu.unicamp.br\/ojs\/index.php\/\u2026<\/a> <a href=\"https:\/\/t.co\/Zgp88iHfwR\" target=\"_blank\" rel=\"noopener\">https:\/\/t.co\/Zgp88iHfwR<\/a><br \/>\n[ad_2]<br \/>\n<br \/>Acesse o item em: <a href=\"https:\/\/periodicos.sbu.unicamp.br\/ojs\/index.php\/tla\/article\/view\/8669207\">https:\/\/periodicos.sbu.unicamp.br\/ojs\/index.php\/tla\/article\/view\/8669207<\/a><\/p>\n","protected":false},"excerpt":{"rendered":"<p>[ad_1] A media\u00e7\u00e3o lingu\u00edstica como garantia de direitos no Brasil l &#8220;Os recentes fluxos migrat\u00f3rios para o Brasil demandam do Estado um novo olhar sobre as necessidades sociais dos indiv\u00edduos rec\u00e9m-chegados ao pa\u00eds.&#8221; #Imigrantes #Media\u00e7\u00e3oLingu\u00edstica periodicos.sbu.unicamp.br\/ojs\/index.php\/\u2026 https:\/\/t.co\/Zgp88iHfwR [ad_2] Acesse o item em: https:\/\/periodicos.sbu.unicamp.br\/ojs\/index.php\/tla\/article\/view\/8669207<\/p>\n","protected":false},"author":1,"featured_media":19586,"comment_status":"open","ping_status":"open","sticky":false,"template":"","format":"standard","meta":{"_jetpack_memberships_contains_paid_content":false,"footnotes":"","jetpack_publicize_message":"","jetpack_publicize_feature_enabled":true,"jetpack_social_post_already_shared":true,"jetpack_social_options":{"image_generator_settings":{"template":"highway","default_image_id":0,"font":"","enabled":false},"version":2}},"categories":[21],"tags":[1756,3507],"class_list":["post-19585","post","type-post","status-publish","format-standard","has-post-thumbnail","hentry","category-informeci","tag-imigrantes","tag-mediacaolinguistica"],"jetpack_publicize_connections":[],"jetpack_featured_media_url":"https:\/\/i0.wp.com\/www.pedroandretta.info\/index\/wp-content\/uploads\/2023\/04\/Fs-y7PRXsAEqMJb.png?fit=526%2C760&ssl=1","views":"","jetpack_sharing_enabled":true,"_links":{"self":[{"href":"https:\/\/www.pedroandretta.info\/index\/wp-json\/wp\/v2\/posts\/19585","targetHints":{"allow":["GET"]}}],"collection":[{"href":"https:\/\/www.pedroandretta.info\/index\/wp-json\/wp\/v2\/posts"}],"about":[{"href":"https:\/\/www.pedroandretta.info\/index\/wp-json\/wp\/v2\/types\/post"}],"author":[{"embeddable":true,"href":"https:\/\/www.pedroandretta.info\/index\/wp-json\/wp\/v2\/users\/1"}],"replies":[{"embeddable":true,"href":"https:\/\/www.pedroandretta.info\/index\/wp-json\/wp\/v2\/comments?post=19585"}],"version-history":[{"count":0,"href":"https:\/\/www.pedroandretta.info\/index\/wp-json\/wp\/v2\/posts\/19585\/revisions"}],"wp:featuredmedia":[{"embeddable":true,"href":"https:\/\/www.pedroandretta.info\/index\/wp-json\/wp\/v2\/media\/19586"}],"wp:attachment":[{"href":"https:\/\/www.pedroandretta.info\/index\/wp-json\/wp\/v2\/media?parent=19585"}],"wp:term":[{"taxonomy":"category","embeddable":true,"href":"https:\/\/www.pedroandretta.info\/index\/wp-json\/wp\/v2\/categories?post=19585"},{"taxonomy":"post_tag","embeddable":true,"href":"https:\/\/www.pedroandretta.info\/index\/wp-json\/wp\/v2\/tags?post=19585"}],"curies":[{"name":"wp","href":"https:\/\/api.w.org\/{rel}","templated":true}]}}