{"id":19587,"date":"2023-04-05T18:29:19","date_gmt":"2023-04-05T22:29:19","guid":{"rendered":"https:\/\/www.pedroandretta.info\/index\/2023\/04\/05\/entrevista-com-arysa-cabral-barros-sobre-a-pesquisa-com-o-empreendedorismo-na-bi\/"},"modified":"2023-04-05T18:29:19","modified_gmt":"2023-04-05T22:29:19","slug":"entrevista-com-arysa-cabral-barros-sobre-a-pesquisa-com-o-empreendedorismo-na-bi","status":"publish","type":"post","link":"https:\/\/www.pedroandretta.info\/index\/2023\/04\/entrevista-com-arysa-cabral-barros-sobre-a-pesquisa-com-o-empreendedorismo-na-bi\/","title":{"rendered":"Entrevista com Arysa Cabral Barros sobre a pesquisa com o Empreendedorismo na Bi&#8230;"},"content":{"rendered":"<p>[ad_1]<br \/>\n<img data-recalc-dims=\"1\" decoding=\"async\" src=\"https:\/\/i0.wp.com\/pbs.twimg.com\/media\/Fs-_IYbXwAMCe8l.png?w=696&#038;ssl=1\" \/><\/p>\n<p>Entrevista com Arysa Cabral Barros sobre a pesquisa com o Empreendedorismo na Biblioteconomia l &#8220;Ser a primeira da minha fam\u00edlia a conseguir um mestrado e hoje est\u00e1  atuando como professora universit\u00e1ria. Se foi f\u00e1cil? Nenhum pouco.&#8221; #Biblioteconomia <a href=\"https:\/\/www.divulgaci.labci.online\/v-1-n-1-mar-2023\/entrevista-com-arysa-cabral-barros-sobre-a-pesquisa-com-o-empreendedorismo-na-biblioteconomia\/\" target=\"_blank\" rel=\"noopener\">divulgaci.labci.online\/v-1-n-1-mar-20\u2026<\/a> <a href=\"https:\/\/t.co\/EeqfGPJn2g\" target=\"_blank\" rel=\"noopener\">https:\/\/t.co\/EeqfGPJn2g<\/a><br \/>\n[ad_2]<br \/>\n<br \/>Acesse o item em: <a href=\"https:\/\/www.divulgaci.labci.online\/v-1-n-1-mar-2023\/entrevista-com-arysa-cabral-barros-sobre-a-pesquisa-com-o-empreendedorismo-na-biblioteconomia\/\">https:\/\/www.divulgaci.labci.online\/v-1-n-1-mar-2023\/entrevista-com-arysa-cabral-barros-sobre-a-pesquisa-com-o-empreendedorismo-na-biblioteconomia\/<\/a><\/p>\n","protected":false},"excerpt":{"rendered":"<p>[ad_1] Entrevista com Arysa Cabral Barros sobre a pesquisa com o Empreendedorismo na Biblioteconomia l &#8220;Ser a primeira da minha fam\u00edlia a conseguir um mestrado e hoje est\u00e1 atuando como professora universit\u00e1ria. Se foi f\u00e1cil? Nenhum pouco.&#8221; #Biblioteconomia divulgaci.labci.online\/v-1-n-1-mar-20\u2026 https:\/\/t.co\/EeqfGPJn2g [ad_2] Acesse o item em: https:\/\/www.divulgaci.labci.online\/v-1-n-1-mar-2023\/entrevista-com-arysa-cabral-barros-sobre-a-pesquisa-com-o-empreendedorismo-na-biblioteconomia\/<\/p>\n","protected":false},"author":1,"featured_media":19588,"comment_status":"open","ping_status":"open","sticky":false,"template":"","format":"standard","meta":{"_jetpack_memberships_contains_paid_content":false,"footnotes":"","jetpack_publicize_message":"","jetpack_publicize_feature_enabled":true,"jetpack_social_post_already_shared":true,"jetpack_social_options":{"image_generator_settings":{"template":"highway","default_image_id":0,"font":"","enabled":false},"version":2}},"categories":[21],"tags":[33],"class_list":["post-19587","post","type-post","status-publish","format-standard","has-post-thumbnail","hentry","category-informeci","tag-biblioteconomia"],"jetpack_publicize_connections":[],"jetpack_featured_media_url":"https:\/\/i0.wp.com\/www.pedroandretta.info\/index\/wp-content\/uploads\/2023\/04\/Fs-_IYbXwAMCe8l.png?fit=535%2C751&ssl=1","views":"","jetpack_sharing_enabled":true,"_links":{"self":[{"href":"https:\/\/www.pedroandretta.info\/index\/wp-json\/wp\/v2\/posts\/19587","targetHints":{"allow":["GET"]}}],"collection":[{"href":"https:\/\/www.pedroandretta.info\/index\/wp-json\/wp\/v2\/posts"}],"about":[{"href":"https:\/\/www.pedroandretta.info\/index\/wp-json\/wp\/v2\/types\/post"}],"author":[{"embeddable":true,"href":"https:\/\/www.pedroandretta.info\/index\/wp-json\/wp\/v2\/users\/1"}],"replies":[{"embeddable":true,"href":"https:\/\/www.pedroandretta.info\/index\/wp-json\/wp\/v2\/comments?post=19587"}],"version-history":[{"count":0,"href":"https:\/\/www.pedroandretta.info\/index\/wp-json\/wp\/v2\/posts\/19587\/revisions"}],"wp:featuredmedia":[{"embeddable":true,"href":"https:\/\/www.pedroandretta.info\/index\/wp-json\/wp\/v2\/media\/19588"}],"wp:attachment":[{"href":"https:\/\/www.pedroandretta.info\/index\/wp-json\/wp\/v2\/media?parent=19587"}],"wp:term":[{"taxonomy":"category","embeddable":true,"href":"https:\/\/www.pedroandretta.info\/index\/wp-json\/wp\/v2\/categories?post=19587"},{"taxonomy":"post_tag","embeddable":true,"href":"https:\/\/www.pedroandretta.info\/index\/wp-json\/wp\/v2\/tags?post=19587"}],"curies":[{"name":"wp","href":"https:\/\/api.w.org\/{rel}","templated":true}]}}