{"id":19589,"date":"2023-04-05T18:21:04","date_gmt":"2023-04-05T22:21:04","guid":{"rendered":"https:\/\/www.pedroandretta.info\/index\/2023\/04\/05\/as-criancas-nao-estao-bem-por-que-a-representacao-lgbtqia-na-literatura-e-impo\/"},"modified":"2023-04-05T18:21:04","modified_gmt":"2023-04-05T22:21:04","slug":"as-criancas-nao-estao-bem-por-que-a-representacao-lgbtqia-na-literatura-e-impo","status":"publish","type":"post","link":"https:\/\/www.pedroandretta.info\/index\/2023\/04\/as-criancas-nao-estao-bem-por-que-a-representacao-lgbtqia-na-literatura-e-impo\/","title":{"rendered":"As crian\u00e7as n\u00e3o est\u00e3o bem: por que a representa\u00e7\u00e3o LGBTQIA+ na literatura \u00e9 impo&#8230;"},"content":{"rendered":"<p>[ad_1]<br \/>\n<img data-recalc-dims=\"1\" decoding=\"async\" src=\"https:\/\/i0.wp.com\/pbs.twimg.com\/media\/Fs-9Es8WIAESSBp.png?w=696&#038;ssl=1\" \/><\/p>\n<p>As crian\u00e7as n\u00e3o est\u00e3o bem: por que a representa\u00e7\u00e3o LGBTQIA+ na literatura \u00e9 importante l &#8220;Quantos anos voc\u00ea tinha quando leu seu primeiro livro com um personagem #LGBTQIAP+? Agora, outra pergunta &#8211; como essa hist\u00f3ria terminou?&#8221; #Bibliotecas #Diversidade <a href=\"https:\/\/journals.ala.org\/index.php\/cal\/article\/view\/8004\" target=\"_blank\" rel=\"noopener\">journals.ala.org\/index.php\/cal\/\u2026<\/a> <a href=\"https:\/\/t.co\/nkrR3P7yg4\" target=\"_blank\" rel=\"noopener\">https:\/\/t.co\/nkrR3P7yg4<\/a><br \/>\n[ad_2]<br \/>\n<br \/>Acesse o item em: <a href=\"https:\/\/journals.ala.org\/index.php\/cal\/article\/view\/8004\">https:\/\/journals.ala.org\/index.php\/cal\/article\/view\/8004<\/a><\/p>\n","protected":false},"excerpt":{"rendered":"<p>[ad_1] As crian\u00e7as n\u00e3o est\u00e3o bem: por que a representa\u00e7\u00e3o LGBTQIA+ na literatura \u00e9 importante l &#8220;Quantos anos voc\u00ea tinha quando leu seu primeiro livro com um personagem #LGBTQIAP+? Agora, outra pergunta &#8211; como essa hist\u00f3ria terminou?&#8221; #Bibliotecas #Diversidade journals.ala.org\/index.php\/cal\/\u2026 https:\/\/t.co\/nkrR3P7yg4 [ad_2] Acesse o item em: https:\/\/journals.ala.org\/index.php\/cal\/article\/view\/8004<\/p>\n","protected":false},"author":1,"featured_media":19590,"comment_status":"open","ping_status":"open","sticky":false,"template":"","format":"standard","meta":{"_jetpack_memberships_contains_paid_content":false,"footnotes":"","jetpack_publicize_message":"","jetpack_publicize_feature_enabled":true,"jetpack_social_post_already_shared":true,"jetpack_social_options":{"image_generator_settings":{"template":"highway","default_image_id":0,"font":"","enabled":false},"version":2}},"categories":[21],"tags":[38,304,3508],"class_list":["post-19589","post","type-post","status-publish","format-standard","has-post-thumbnail","hentry","category-informeci","tag-bibliotecas","tag-diversidade","tag-lgbtqiap"],"jetpack_publicize_connections":[],"jetpack_featured_media_url":"https:\/\/i0.wp.com\/www.pedroandretta.info\/index\/wp-content\/uploads\/2023\/04\/Fs-9Es8WIAESSBp.png?fit=579%2C758&ssl=1","views":"","jetpack_sharing_enabled":true,"_links":{"self":[{"href":"https:\/\/www.pedroandretta.info\/index\/wp-json\/wp\/v2\/posts\/19589","targetHints":{"allow":["GET"]}}],"collection":[{"href":"https:\/\/www.pedroandretta.info\/index\/wp-json\/wp\/v2\/posts"}],"about":[{"href":"https:\/\/www.pedroandretta.info\/index\/wp-json\/wp\/v2\/types\/post"}],"author":[{"embeddable":true,"href":"https:\/\/www.pedroandretta.info\/index\/wp-json\/wp\/v2\/users\/1"}],"replies":[{"embeddable":true,"href":"https:\/\/www.pedroandretta.info\/index\/wp-json\/wp\/v2\/comments?post=19589"}],"version-history":[{"count":0,"href":"https:\/\/www.pedroandretta.info\/index\/wp-json\/wp\/v2\/posts\/19589\/revisions"}],"wp:featuredmedia":[{"embeddable":true,"href":"https:\/\/www.pedroandretta.info\/index\/wp-json\/wp\/v2\/media\/19590"}],"wp:attachment":[{"href":"https:\/\/www.pedroandretta.info\/index\/wp-json\/wp\/v2\/media?parent=19589"}],"wp:term":[{"taxonomy":"category","embeddable":true,"href":"https:\/\/www.pedroandretta.info\/index\/wp-json\/wp\/v2\/categories?post=19589"},{"taxonomy":"post_tag","embeddable":true,"href":"https:\/\/www.pedroandretta.info\/index\/wp-json\/wp\/v2\/tags?post=19589"}],"curies":[{"name":"wp","href":"https:\/\/api.w.org\/{rel}","templated":true}]}}