{"id":19599,"date":"2023-04-07T15:41:00","date_gmt":"2023-04-07T19:41:00","guid":{"rendered":"https:\/\/www.pedroandretta.info\/index\/2023\/04\/07\/novo-ensino-medio-esta-ferindo-os-direitos-dos-adolescentes-diz-cesar-callega\/"},"modified":"2023-04-07T15:41:00","modified_gmt":"2023-04-07T19:41:00","slug":"novo-ensino-medio-esta-ferindo-os-direitos-dos-adolescentes-diz-cesar-callega","status":"publish","type":"post","link":"https:\/\/www.pedroandretta.info\/index\/2023\/04\/novo-ensino-medio-esta-ferindo-os-direitos-dos-adolescentes-diz-cesar-callega\/","title":{"rendered":"\u201cNovo Ensino M\u00e9dio est\u00e1 ferindo os direitos dos adolescentes\u201d, diz Cesar Callega&#8230;"},"content":{"rendered":"<p>[ad_1]<br \/>\n<img data-recalc-dims=\"1\" decoding=\"async\" src=\"https:\/\/i0.wp.com\/educacaointegral.org.br\/wp-content\/uploads\/2023\/04\/20230315090237_mg_9682_1.jpg?w=696&#038;ssl=1\"\/><\/p>\n<p>\u201cNovo Ensino M\u00e9dio est\u00e1 ferindo os direitos dos adolescentes\u201d, diz Cesar Callegari l &#8220;\u00c9 preciso revog\u00e1-la porque essa pol\u00edtica  est\u00e1 ferindo os direitos dos adolescentes, promovendo a exclus\u00e3o de  muitos jovens [&#8230;]&#8221; #NovoEnsinoM\u00e9dio via EI <a href=\"https:\/\/educacaointegral.org.br\/reportagens\/novo-ensino-medio-esta-ferindo-os-direitos-dos-adolescentes-diz-cesar-callegari\/\" target=\"_blank\" rel=\"noopener\">educacaointegral.org.br\/reportagens\/no\u2026<\/a><br \/>\n[ad_2]<br \/>\n<br \/>Acesse o item em: <a href=\"https:\/\/educacaointegral.org.br\/reportagens\/novo-ensino-medio-esta-ferindo-os-direitos-dos-adolescentes-diz-cesar-callegari\/\">https:\/\/educacaointegral.org.br\/reportagens\/novo-ensino-medio-esta-ferindo-os-direitos-dos-adolescentes-diz-cesar-callegari\/<\/a><\/p>\n","protected":false},"excerpt":{"rendered":"<p>[ad_1] \u201cNovo Ensino M\u00e9dio est\u00e1 ferindo os direitos dos adolescentes\u201d, diz Cesar Callegari l &#8220;\u00c9 preciso revog\u00e1-la porque essa pol\u00edtica est\u00e1 ferindo os direitos dos adolescentes, promovendo a exclus\u00e3o de muitos jovens [&#8230;]&#8221; #NovoEnsinoM\u00e9dio via EI educacaointegral.org.br\/reportagens\/no\u2026 [ad_2] Acesse o item em: https:\/\/educacaointegral.org.br\/reportagens\/novo-ensino-medio-esta-ferindo-os-direitos-dos-adolescentes-diz-cesar-callegari\/<\/p>\n","protected":false},"author":1,"featured_media":19600,"comment_status":"open","ping_status":"open","sticky":false,"template":"","format":"standard","meta":{"_jetpack_memberships_contains_paid_content":false,"footnotes":"","jetpack_publicize_message":"","jetpack_publicize_feature_enabled":true,"jetpack_social_post_already_shared":true,"jetpack_social_options":{"image_generator_settings":{"template":"highway","default_image_id":0,"font":"","enabled":false},"version":2}},"categories":[21],"tags":[2902],"class_list":["post-19599","post","type-post","status-publish","format-standard","has-post-thumbnail","hentry","category-informeci","tag-novoensinomedio"],"jetpack_publicize_connections":[],"jetpack_featured_media_url":"https:\/\/i0.wp.com\/www.pedroandretta.info\/index\/wp-content\/uploads\/2023\/04\/20230315090237_mg_9682_1.jpg?fit=1024%2C768&ssl=1","views":"","jetpack_sharing_enabled":true,"_links":{"self":[{"href":"https:\/\/www.pedroandretta.info\/index\/wp-json\/wp\/v2\/posts\/19599","targetHints":{"allow":["GET"]}}],"collection":[{"href":"https:\/\/www.pedroandretta.info\/index\/wp-json\/wp\/v2\/posts"}],"about":[{"href":"https:\/\/www.pedroandretta.info\/index\/wp-json\/wp\/v2\/types\/post"}],"author":[{"embeddable":true,"href":"https:\/\/www.pedroandretta.info\/index\/wp-json\/wp\/v2\/users\/1"}],"replies":[{"embeddable":true,"href":"https:\/\/www.pedroandretta.info\/index\/wp-json\/wp\/v2\/comments?post=19599"}],"version-history":[{"count":0,"href":"https:\/\/www.pedroandretta.info\/index\/wp-json\/wp\/v2\/posts\/19599\/revisions"}],"wp:featuredmedia":[{"embeddable":true,"href":"https:\/\/www.pedroandretta.info\/index\/wp-json\/wp\/v2\/media\/19600"}],"wp:attachment":[{"href":"https:\/\/www.pedroandretta.info\/index\/wp-json\/wp\/v2\/media?parent=19599"}],"wp:term":[{"taxonomy":"category","embeddable":true,"href":"https:\/\/www.pedroandretta.info\/index\/wp-json\/wp\/v2\/categories?post=19599"},{"taxonomy":"post_tag","embeddable":true,"href":"https:\/\/www.pedroandretta.info\/index\/wp-json\/wp\/v2\/tags?post=19599"}],"curies":[{"name":"wp","href":"https:\/\/api.w.org\/{rel}","templated":true}]}}