{"id":19605,"date":"2023-04-07T19:44:00","date_gmt":"2023-04-07T23:44:00","guid":{"rendered":"https:\/\/www.pedroandretta.info\/index\/2023\/04\/07\/shelved-uma-comedia-que-entra-na-vida-de-uma-biblioteca-publica-l-shelved-e-um\/"},"modified":"2023-04-07T19:44:00","modified_gmt":"2023-04-07T23:44:00","slug":"shelved-uma-comedia-que-entra-na-vida-de-uma-biblioteca-publica-l-shelved-e-um","status":"publish","type":"post","link":"https:\/\/www.pedroandretta.info\/index\/2023\/04\/shelved-uma-comedia-que-entra-na-vida-de-uma-biblioteca-publica-l-shelved-e-um\/","title":{"rendered":"Shelved, uma com\u00e9dia que entra na vida de uma biblioteca p\u00fablica l &#8220;Shelved \u00e9 um&#8230;"},"content":{"rendered":"<p>[ad_1]<\/p>\n<p>Shelved, uma com\u00e9dia que entra na vida de uma biblioteca p\u00fablica l &#8220;Shelved \u00e9 uma com\u00e9dia canadense centrada na vida de pessoas que trabalham e frequentam a fict\u00edcia Biblioteca P\u00fablica Jameson de Parkdale.&#8221; #S\u00e9ries #Bibliotecas \ud83c\uddea\ud83c\uddf8 via @JulianMarquina <a href=\"https:\/\/www.julianmarquina.es\/shelved-una-comedia-que-se-adentra-en-la-vida-de-una-biblioteca-publica\/\" target=\"_blank\" rel=\"noopener\">julianmarquina.es\/shelved-una-co\u2026<\/a><br \/>\n[ad_2]<br \/>\n<br \/>Acesse o item em: <a href=\"https:\/\/www.julianmarquina.es\/shelved-una-comedia-que-se-adentra-en-la-vida-de-una-biblioteca-publica\/\">https:\/\/www.julianmarquina.es\/shelved-una-comedia-que-se-adentra-en-la-vida-de-una-biblioteca-publica\/<\/a><\/p>\n","protected":false},"excerpt":{"rendered":"<p>[ad_1] Shelved, uma com\u00e9dia que entra na vida de uma biblioteca p\u00fablica l &#8220;Shelved \u00e9 uma com\u00e9dia canadense centrada na vida de pessoas que trabalham e frequentam a fict\u00edcia Biblioteca P\u00fablica Jameson de Parkdale.&#8221; #S\u00e9ries #Bibliotecas \ud83c\uddea\ud83c\uddf8 via @JulianMarquina julianmarquina.es\/shelved-una-co\u2026 [ad_2] Acesse o item em: https:\/\/www.julianmarquina.es\/shelved-una-comedia-que-se-adentra-en-la-vida-de-una-biblioteca-publica\/<\/p>\n","protected":false},"author":1,"featured_media":0,"comment_status":"open","ping_status":"open","sticky":false,"template":"","format":"standard","meta":{"_jetpack_memberships_contains_paid_content":false,"footnotes":"","jetpack_publicize_message":"","jetpack_publicize_feature_enabled":true,"jetpack_social_post_already_shared":true,"jetpack_social_options":{"image_generator_settings":{"template":"highway","default_image_id":0,"font":"","enabled":false},"version":2}},"categories":[21],"tags":[38,1752],"class_list":["post-19605","post","type-post","status-publish","format-standard","hentry","category-informeci","tag-bibliotecas","tag-series"],"jetpack_publicize_connections":[],"jetpack_featured_media_url":"","views":"","jetpack_sharing_enabled":true,"_links":{"self":[{"href":"https:\/\/www.pedroandretta.info\/index\/wp-json\/wp\/v2\/posts\/19605","targetHints":{"allow":["GET"]}}],"collection":[{"href":"https:\/\/www.pedroandretta.info\/index\/wp-json\/wp\/v2\/posts"}],"about":[{"href":"https:\/\/www.pedroandretta.info\/index\/wp-json\/wp\/v2\/types\/post"}],"author":[{"embeddable":true,"href":"https:\/\/www.pedroandretta.info\/index\/wp-json\/wp\/v2\/users\/1"}],"replies":[{"embeddable":true,"href":"https:\/\/www.pedroandretta.info\/index\/wp-json\/wp\/v2\/comments?post=19605"}],"version-history":[{"count":0,"href":"https:\/\/www.pedroandretta.info\/index\/wp-json\/wp\/v2\/posts\/19605\/revisions"}],"wp:attachment":[{"href":"https:\/\/www.pedroandretta.info\/index\/wp-json\/wp\/v2\/media?parent=19605"}],"wp:term":[{"taxonomy":"category","embeddable":true,"href":"https:\/\/www.pedroandretta.info\/index\/wp-json\/wp\/v2\/categories?post=19605"},{"taxonomy":"post_tag","embeddable":true,"href":"https:\/\/www.pedroandretta.info\/index\/wp-json\/wp\/v2\/tags?post=19605"}],"curies":[{"name":"wp","href":"https:\/\/api.w.org\/{rel}","templated":true}]}}