{"id":19608,"date":"2023-04-09T02:13:45","date_gmt":"2023-04-09T06:13:45","guid":{"rendered":"https:\/\/www.pedroandretta.info\/index\/2023\/04\/09\/producao-editorial-em-bibliotecas-universitarias-l-as-praticas-editoriais\/"},"modified":"2023-04-09T02:13:45","modified_gmt":"2023-04-09T06:13:45","slug":"producao-editorial-em-bibliotecas-universitarias-l-as-praticas-editoriais","status":"publish","type":"post","link":"https:\/\/www.pedroandretta.info\/index\/2023\/04\/producao-editorial-em-bibliotecas-universitarias-l-as-praticas-editoriais\/","title":{"rendered":"Produ\u00e7\u00e3o editorial em bibliotecas universit\u00e1rias l&#8221;[&#8230;] as pr\u00e1ticas editoriais &#8230;"},"content":{"rendered":"<p>[ad_1]<br \/>\n<img data-recalc-dims=\"1\" decoding=\"async\" src=\"https:\/\/i0.wp.com\/pbs.twimg.com\/media\/FtQF4HHX0AA_eCS.png?w=696&#038;ssl=1\" \/><\/p>\n<p>Produ\u00e7\u00e3o editorial em bibliotecas universit\u00e1rias l&#8221;[&#8230;] as pr\u00e1ticas editoriais em bibliotecas universit\u00e1rias brasileiras ainda est\u00e3o pouco amadurecidas.Todavia, nas bibliotecas que j\u00e1 oferecem servi\u00e7os editoriais[&#8230;]&#8221; #BibliotecasPublicadoras #Editora\u00e7\u00e3o <a href=\"https:\/\/periodicos.ufsc.br\/index.php\/eb\/article\/view\/91636\" target=\"_blank\" rel=\"noopener\">periodicos.ufsc.br\/index.php\/eb\/a\u2026<\/a> <a href=\"https:\/\/t.co\/f6j7Ozk8ZX\" target=\"_blank\" rel=\"noopener\">https:\/\/t.co\/f6j7Ozk8ZX<\/a><br \/>\n[ad_2]<br \/>\n<br \/>Acesse o item em: <a href=\"https:\/\/periodicos.ufsc.br\/index.php\/eb\/article\/view\/91636\">https:\/\/periodicos.ufsc.br\/index.php\/eb\/article\/view\/91636<\/a><\/p>\n","protected":false},"excerpt":{"rendered":"<p>[ad_1] Produ\u00e7\u00e3o editorial em bibliotecas universit\u00e1rias l&#8221;[&#8230;] as pr\u00e1ticas editoriais em bibliotecas universit\u00e1rias brasileiras ainda est\u00e3o pouco amadurecidas.Todavia, nas bibliotecas que j\u00e1 oferecem servi\u00e7os editoriais[&#8230;]&#8221; #BibliotecasPublicadoras #Editora\u00e7\u00e3o periodicos.ufsc.br\/index.php\/eb\/a\u2026 https:\/\/t.co\/f6j7Ozk8ZX [ad_2] Acesse o item em: https:\/\/periodicos.ufsc.br\/index.php\/eb\/article\/view\/91636<\/p>\n","protected":false},"author":1,"featured_media":19609,"comment_status":"open","ping_status":"open","sticky":false,"template":"","format":"standard","meta":{"_jetpack_memberships_contains_paid_content":false,"footnotes":"","jetpack_publicize_message":"","jetpack_publicize_feature_enabled":true,"jetpack_social_post_already_shared":true,"jetpack_social_options":{"image_generator_settings":{"template":"highway","default_image_id":0,"font":"","enabled":false},"version":2}},"categories":[21],"tags":[2821,735],"class_list":["post-19608","post","type-post","status-publish","format-standard","has-post-thumbnail","hentry","category-informeci","tag-bibliotecaspublicadoras","tag-editoracao"],"jetpack_publicize_connections":[],"jetpack_featured_media_url":"https:\/\/i0.wp.com\/www.pedroandretta.info\/index\/wp-content\/uploads\/2023\/04\/FtQF4HHX0AA_eCS.png?fit=535%2C731&ssl=1","views":"","jetpack_sharing_enabled":true,"_links":{"self":[{"href":"https:\/\/www.pedroandretta.info\/index\/wp-json\/wp\/v2\/posts\/19608","targetHints":{"allow":["GET"]}}],"collection":[{"href":"https:\/\/www.pedroandretta.info\/index\/wp-json\/wp\/v2\/posts"}],"about":[{"href":"https:\/\/www.pedroandretta.info\/index\/wp-json\/wp\/v2\/types\/post"}],"author":[{"embeddable":true,"href":"https:\/\/www.pedroandretta.info\/index\/wp-json\/wp\/v2\/users\/1"}],"replies":[{"embeddable":true,"href":"https:\/\/www.pedroandretta.info\/index\/wp-json\/wp\/v2\/comments?post=19608"}],"version-history":[{"count":0,"href":"https:\/\/www.pedroandretta.info\/index\/wp-json\/wp\/v2\/posts\/19608\/revisions"}],"wp:featuredmedia":[{"embeddable":true,"href":"https:\/\/www.pedroandretta.info\/index\/wp-json\/wp\/v2\/media\/19609"}],"wp:attachment":[{"href":"https:\/\/www.pedroandretta.info\/index\/wp-json\/wp\/v2\/media?parent=19608"}],"wp:term":[{"taxonomy":"category","embeddable":true,"href":"https:\/\/www.pedroandretta.info\/index\/wp-json\/wp\/v2\/categories?post=19608"},{"taxonomy":"post_tag","embeddable":true,"href":"https:\/\/www.pedroandretta.info\/index\/wp-json\/wp\/v2\/tags?post=19608"}],"curies":[{"name":"wp","href":"https:\/\/api.w.org\/{rel}","templated":true}]}}