{"id":19617,"date":"2023-04-10T01:57:04","date_gmt":"2023-04-10T05:57:04","guid":{"rendered":"https:\/\/www.pedroandretta.info\/index\/2023\/04\/10\/desinformacao-e-menos-eficaz-onde-ambiente-dos-media-e-forte-l-nao-ha-nenhu\/"},"modified":"2023-04-10T01:57:04","modified_gmt":"2023-04-10T05:57:04","slug":"desinformacao-e-menos-eficaz-onde-ambiente-dos-media-e-forte-l-nao-ha-nenhu","status":"publish","type":"post","link":"https:\/\/www.pedroandretta.info\/index\/2023\/04\/desinformacao-e-menos-eficaz-onde-ambiente-dos-media-e-forte-l-nao-ha-nenhu\/","title":{"rendered":"Desinforma\u00e7\u00e3o \u201c\u00e9 menos eficaz\u201d onde ambiente dos media \u201c\u00e9 forte\u201d l \u201cN\u00e3o h\u00e1 nenhu&#8230;"},"content":{"rendered":"<p>[ad_1]<\/p>\n<p>Desinforma\u00e7\u00e3o \u201c\u00e9 menos eficaz\u201d onde ambiente dos media \u201c\u00e9 forte\u201d l \u201cN\u00e3o h\u00e1 nenhuma \u2018bala de prata\u2019 para matar\u201d a #desinforma\u00e7\u00e3o, [\u2026] mas \u00e9 preciso \u201ctrabalhar em diferentes for\u00e7as de a\u00e7\u00e3o para garantir que o seu impacto seja menos importante.\u201d via CCA <a href=\"https:\/\/comunidadeculturaearte.com\/desinformacao-e-menos-eficaz-onde-ambiente-dos-media-e-forte-afirma-delphine-colard-porta-voz-adjunta-do-parlamento-europeu\/\" target=\"_blank\" rel=\"noopener\">comunidadeculturaearte.com\/desinformacao-\u2026<\/a><br \/>\n[ad_2]<br \/>\n<br \/>Acesse o item em: <a href=\"https:\/\/comunidadeculturaearte.com\/desinformacao-e-menos-eficaz-onde-ambiente-dos-media-e-forte-afirma-delphine-colard-porta-voz-adjunta-do-parlamento-europeu\/\">https:\/\/comunidadeculturaearte.com\/desinformacao-e-menos-eficaz-onde-ambiente-dos-media-e-forte-afirma-delphine-colard-porta-voz-adjunta-do-parlamento-europeu\/<\/a><\/p>\n","protected":false},"excerpt":{"rendered":"<p>[ad_1] Desinforma\u00e7\u00e3o \u201c\u00e9 menos eficaz\u201d onde ambiente dos media \u201c\u00e9 forte\u201d l \u201cN\u00e3o h\u00e1 nenhuma \u2018bala de prata\u2019 para matar\u201d a #desinforma\u00e7\u00e3o, [\u2026] mas \u00e9 preciso \u201ctrabalhar em diferentes for\u00e7as de a\u00e7\u00e3o para garantir que o seu impacto seja menos importante.\u201d via CCA comunidadeculturaearte.com\/desinformacao-\u2026 [ad_2] Acesse o item em: https:\/\/comunidadeculturaearte.com\/desinformacao-e-menos-eficaz-onde-ambiente-dos-media-e-forte-afirma-delphine-colard-porta-voz-adjunta-do-parlamento-europeu\/<\/p>\n","protected":false},"author":1,"featured_media":0,"comment_status":"open","ping_status":"open","sticky":false,"template":"","format":"standard","meta":{"_jetpack_memberships_contains_paid_content":false,"footnotes":"","jetpack_publicize_message":"","jetpack_publicize_feature_enabled":true,"jetpack_social_post_already_shared":true,"jetpack_social_options":{"image_generator_settings":{"template":"highway","default_image_id":0,"font":"","enabled":false},"version":2}},"categories":[21],"tags":[142],"class_list":["post-19617","post","type-post","status-publish","format-standard","hentry","category-informeci","tag-desinformacao"],"jetpack_publicize_connections":[],"jetpack_featured_media_url":"","views":"","jetpack_sharing_enabled":true,"_links":{"self":[{"href":"https:\/\/www.pedroandretta.info\/index\/wp-json\/wp\/v2\/posts\/19617","targetHints":{"allow":["GET"]}}],"collection":[{"href":"https:\/\/www.pedroandretta.info\/index\/wp-json\/wp\/v2\/posts"}],"about":[{"href":"https:\/\/www.pedroandretta.info\/index\/wp-json\/wp\/v2\/types\/post"}],"author":[{"embeddable":true,"href":"https:\/\/www.pedroandretta.info\/index\/wp-json\/wp\/v2\/users\/1"}],"replies":[{"embeddable":true,"href":"https:\/\/www.pedroandretta.info\/index\/wp-json\/wp\/v2\/comments?post=19617"}],"version-history":[{"count":0,"href":"https:\/\/www.pedroandretta.info\/index\/wp-json\/wp\/v2\/posts\/19617\/revisions"}],"wp:attachment":[{"href":"https:\/\/www.pedroandretta.info\/index\/wp-json\/wp\/v2\/media?parent=19617"}],"wp:term":[{"taxonomy":"category","embeddable":true,"href":"https:\/\/www.pedroandretta.info\/index\/wp-json\/wp\/v2\/categories?post=19617"},{"taxonomy":"post_tag","embeddable":true,"href":"https:\/\/www.pedroandretta.info\/index\/wp-json\/wp\/v2\/tags?post=19617"}],"curies":[{"name":"wp","href":"https:\/\/api.w.org\/{rel}","templated":true}]}}