{"id":19625,"date":"2023-04-10T18:58:24","date_gmt":"2023-04-10T22:58:24","guid":{"rendered":"https:\/\/www.pedroandretta.info\/index\/2023\/04\/10\/a-relacao-dinamica-entre-cultura-oral-e-cultura-escrita-no-conto-famigerado\/"},"modified":"2023-04-10T18:58:24","modified_gmt":"2023-04-10T22:58:24","slug":"a-relacao-dinamica-entre-cultura-oral-e-cultura-escrita-no-conto-famigerado","status":"publish","type":"post","link":"https:\/\/www.pedroandretta.info\/index\/2023\/04\/a-relacao-dinamica-entre-cultura-oral-e-cultura-escrita-no-conto-famigerado\/","title":{"rendered":"A rela\u00e7\u00e3o din\u00e2mica entre #cultura oral e cultura #escrita no conto \u201cFamigerado\u201d,&#8230;"},"content":{"rendered":"<p>[ad_1]<br \/>\n<img data-recalc-dims=\"1\" decoding=\"async\" src=\"https:\/\/i0.wp.com\/pbs.twimg.com\/media\/FtY10jOX0AAqVfu.jpg?w=696&#038;ssl=1\" \/><\/p>\n<p>A rela\u00e7\u00e3o din\u00e2mica entre #cultura oral e cultura #escrita no conto \u201cFamigerado\u201d, de Guimar\u00e3es Rosa l \u201c[\u2026] \u201cFamigerado\u201d \u00e9 uma narrativa metalingu\u00edstica cujo desfecho revela o processo de negocia\u00e7\u00e3o de sentidos que situa a l\u00edngua em seu universo cultural.\u201d <a href=\"https:\/\/revistas.ufrj.br\/index.php\/alea\/article\/view\/57675\" target=\"_blank\" rel=\"noopener\">revistas.ufrj.br\/index.php\/alea\u2026<\/a> <a href=\"https:\/\/t.co\/6flGhzCKjg\" target=\"_blank\" rel=\"noopener\">https:\/\/t.co\/6flGhzCKjg<\/a><br \/>\n[ad_2]<br \/>\n<br \/>Acesse o item em: <a href=\"https:\/\/revistas.ufrj.br\/index.php\/alea\/article\/view\/57675\">https:\/\/revistas.ufrj.br\/index.php\/alea\/article\/view\/57675<\/a><\/p>\n","protected":false},"excerpt":{"rendered":"<p>[ad_1] A rela\u00e7\u00e3o din\u00e2mica entre #cultura oral e cultura #escrita no conto \u201cFamigerado\u201d, de Guimar\u00e3es Rosa l \u201c[\u2026] \u201cFamigerado\u201d \u00e9 uma narrativa metalingu\u00edstica cujo desfecho revela o processo de negocia\u00e7\u00e3o de sentidos que situa a l\u00edngua em seu universo cultural.\u201d revistas.ufrj.br\/index.php\/alea\u2026 https:\/\/t.co\/6flGhzCKjg [ad_2] Acesse o item em: https:\/\/revistas.ufrj.br\/index.php\/alea\/article\/view\/57675<\/p>\n","protected":false},"author":1,"featured_media":19626,"comment_status":"open","ping_status":"open","sticky":false,"template":"","format":"standard","meta":{"_jetpack_memberships_contains_paid_content":false,"footnotes":"","jetpack_publicize_message":"","jetpack_publicize_feature_enabled":true,"jetpack_social_post_already_shared":true,"jetpack_social_options":{"image_generator_settings":{"template":"highway","default_image_id":0,"font":"","enabled":false},"version":2}},"categories":[21],"tags":[285,346],"class_list":["post-19625","post","type-post","status-publish","format-standard","has-post-thumbnail","hentry","category-informeci","tag-cultura","tag-escrita"],"jetpack_publicize_connections":[],"jetpack_featured_media_url":"https:\/\/i0.wp.com\/www.pedroandretta.info\/index\/wp-content\/uploads\/2023\/04\/FtY10jOX0AAqVfu.jpg?fit=640%2C897&ssl=1","views":"","jetpack_sharing_enabled":true,"_links":{"self":[{"href":"https:\/\/www.pedroandretta.info\/index\/wp-json\/wp\/v2\/posts\/19625","targetHints":{"allow":["GET"]}}],"collection":[{"href":"https:\/\/www.pedroandretta.info\/index\/wp-json\/wp\/v2\/posts"}],"about":[{"href":"https:\/\/www.pedroandretta.info\/index\/wp-json\/wp\/v2\/types\/post"}],"author":[{"embeddable":true,"href":"https:\/\/www.pedroandretta.info\/index\/wp-json\/wp\/v2\/users\/1"}],"replies":[{"embeddable":true,"href":"https:\/\/www.pedroandretta.info\/index\/wp-json\/wp\/v2\/comments?post=19625"}],"version-history":[{"count":0,"href":"https:\/\/www.pedroandretta.info\/index\/wp-json\/wp\/v2\/posts\/19625\/revisions"}],"wp:featuredmedia":[{"embeddable":true,"href":"https:\/\/www.pedroandretta.info\/index\/wp-json\/wp\/v2\/media\/19626"}],"wp:attachment":[{"href":"https:\/\/www.pedroandretta.info\/index\/wp-json\/wp\/v2\/media?parent=19625"}],"wp:term":[{"taxonomy":"category","embeddable":true,"href":"https:\/\/www.pedroandretta.info\/index\/wp-json\/wp\/v2\/categories?post=19625"},{"taxonomy":"post_tag","embeddable":true,"href":"https:\/\/www.pedroandretta.info\/index\/wp-json\/wp\/v2\/tags?post=19625"}],"curies":[{"name":"wp","href":"https:\/\/api.w.org\/{rel}","templated":true}]}}