{"id":19839,"date":"2023-05-03T20:07:06","date_gmt":"2023-05-04T00:07:06","guid":{"rendered":"https:\/\/www.pedroandretta.info\/index\/2023\/05\/03\/formacao-do-bibliotecario-escolar-no-contexto-das-universidades-publicas-de-sao\/"},"modified":"2023-05-03T20:07:06","modified_gmt":"2023-05-04T00:07:06","slug":"formacao-do-bibliotecario-escolar-no-contexto-das-universidades-publicas-de-sao","status":"publish","type":"post","link":"https:\/\/www.pedroandretta.info\/index\/2023\/05\/formacao-do-bibliotecario-escolar-no-contexto-das-universidades-publicas-de-sao\/","title":{"rendered":"Forma\u00e7\u00e3o do bibliotec\u00e1rio escolar no contexto das universidades p\u00fablicas de S\u00e3o &#8230;"},"content":{"rendered":"<p>[ad_1]<br \/>\n<img data-recalc-dims=\"1\" decoding=\"async\" src=\"https:\/\/i0.wp.com\/pbs.twimg.com\/media\/FvPiHOPXgAAjUjv.jpg?w=696&#038;ssl=1\" \/><\/p>\n<p>Forma\u00e7\u00e3o do bibliotec\u00e1rio escolar no contexto das universidades p\u00fablicas de S\u00e3o Paulo e Antioquia l \u201c[\u2026] o processo de forma\u00e7\u00e3o possui lacunas e fragilidades que podem ser superadas e reestruturadas de forma colaborativa [\u2026]\u201d #Forma\u00e7\u00e3oProfissional <a href=\"https:\/\/repositorio.unesp.br\/handle\/11449\/243239\" target=\"_blank\" rel=\"noopener\">repositorio.unesp.br\/handle\/11449\/2\u2026<\/a> <a href=\"https:\/\/t.co\/ckKDj6oitY\" target=\"_blank\" rel=\"noopener\">https:\/\/t.co\/ckKDj6oitY<\/a><br \/>\n[ad_2]<br \/>\n<br \/>Acesse o item em: <a href=\"https:\/\/repositorio.unesp.br\/handle\/11449\/243239\">https:\/\/repositorio.unesp.br\/handle\/11449\/243239<\/a><\/p>\n","protected":false},"excerpt":{"rendered":"<p>[ad_1] Forma\u00e7\u00e3o do bibliotec\u00e1rio escolar no contexto das universidades p\u00fablicas de S\u00e3o Paulo e Antioquia l \u201c[\u2026] o processo de forma\u00e7\u00e3o possui lacunas e fragilidades que podem ser superadas e reestruturadas de forma colaborativa [\u2026]\u201d #Forma\u00e7\u00e3oProfissional repositorio.unesp.br\/handle\/11449\/2\u2026 https:\/\/t.co\/ckKDj6oitY [ad_2] Acesse o item em: https:\/\/repositorio.unesp.br\/handle\/11449\/243239<\/p>\n","protected":false},"author":1,"featured_media":19840,"comment_status":"open","ping_status":"open","sticky":false,"template":"","format":"standard","meta":{"_jetpack_memberships_contains_paid_content":false,"footnotes":"","jetpack_publicize_message":"","jetpack_publicize_feature_enabled":true,"jetpack_social_post_already_shared":true,"jetpack_social_options":{"image_generator_settings":{"template":"highway","default_image_id":0,"font":"","enabled":false},"version":2}},"categories":[21],"tags":[1725],"class_list":["post-19839","post","type-post","status-publish","format-standard","has-post-thumbnail","hentry","category-informeci","tag-formacaoprofissional"],"jetpack_publicize_connections":[],"jetpack_featured_media_url":"https:\/\/i0.wp.com\/www.pedroandretta.info\/index\/wp-content\/uploads\/2023\/05\/FvPiHOPXgAAjUjv.jpg?fit=640%2C943&ssl=1","views":"","jetpack_sharing_enabled":true,"_links":{"self":[{"href":"https:\/\/www.pedroandretta.info\/index\/wp-json\/wp\/v2\/posts\/19839","targetHints":{"allow":["GET"]}}],"collection":[{"href":"https:\/\/www.pedroandretta.info\/index\/wp-json\/wp\/v2\/posts"}],"about":[{"href":"https:\/\/www.pedroandretta.info\/index\/wp-json\/wp\/v2\/types\/post"}],"author":[{"embeddable":true,"href":"https:\/\/www.pedroandretta.info\/index\/wp-json\/wp\/v2\/users\/1"}],"replies":[{"embeddable":true,"href":"https:\/\/www.pedroandretta.info\/index\/wp-json\/wp\/v2\/comments?post=19839"}],"version-history":[{"count":0,"href":"https:\/\/www.pedroandretta.info\/index\/wp-json\/wp\/v2\/posts\/19839\/revisions"}],"wp:featuredmedia":[{"embeddable":true,"href":"https:\/\/www.pedroandretta.info\/index\/wp-json\/wp\/v2\/media\/19840"}],"wp:attachment":[{"href":"https:\/\/www.pedroandretta.info\/index\/wp-json\/wp\/v2\/media?parent=19839"}],"wp:term":[{"taxonomy":"category","embeddable":true,"href":"https:\/\/www.pedroandretta.info\/index\/wp-json\/wp\/v2\/categories?post=19839"},{"taxonomy":"post_tag","embeddable":true,"href":"https:\/\/www.pedroandretta.info\/index\/wp-json\/wp\/v2\/tags?post=19839"}],"curies":[{"name":"wp","href":"https:\/\/api.w.org\/{rel}","templated":true}]}}