{"id":19954,"date":"2023-05-15T01:04:29","date_gmt":"2023-05-15T05:04:29","guid":{"rendered":"https:\/\/www.pedroandretta.info\/index\/2023\/05\/15\/memorias-dos-10-anos-do-curso-de-biblioteconomia-da-universidade-de-caxias-do-su\/"},"modified":"2023-05-15T01:04:29","modified_gmt":"2023-05-15T05:04:29","slug":"memorias-dos-10-anos-do-curso-de-biblioteconomia-da-universidade-de-caxias-do-su","status":"publish","type":"post","link":"https:\/\/www.pedroandretta.info\/index\/2023\/05\/memorias-dos-10-anos-do-curso-de-biblioteconomia-da-universidade-de-caxias-do-su\/","title":{"rendered":"Mem\u00f3rias dos 10 anos do curso de biblioteconomia da Universidade de Caxias do Su&#8230;"},"content":{"rendered":"<p>[ad_1]<br \/>\n<img data-recalc-dims=\"1\" decoding=\"async\" src=\"https:\/\/i0.wp.com\/pbs.twimg.com\/media\/FwJO72EWAAMjxq-.png?w=696&#038;ssl=1\" \/><\/p>\n<p>Mem\u00f3rias dos 10 anos do curso de biblioteconomia da Universidade de Caxias do Sul, organizado por Jo\u00e3o Paulo Borges da Silveira (2023) l Parab\u00e9ns ao curso da UCS pelos seus 10 anos de atua\u00e7\u00e3o! #Biblioteconomia #EnsinoDeBiblioteconomia #Mem\u00f3rias via UCS <a href=\"https:\/\/www.ucs.br\/educs\/livro\/memorias-dos-10-anos-do-curso-de-biblioteconomia-da-universidade-de-caxias-do-sul-ucs\/\" target=\"_blank\" rel=\"noopener\">ucs.br\/educs\/livro\/me\u2026<\/a> <a href=\"https:\/\/t.co\/w6TYbb2L1L\" target=\"_blank\" rel=\"noopener\">https:\/\/t.co\/w6TYbb2L1L<\/a><br \/>\n[ad_2]<br \/>\n<br \/>Acesse o item em: <a href=\"https:\/\/www.ucs.br\/educs\/livro\/memorias-dos-10-anos-do-curso-de-biblioteconomia-da-universidade-de-caxias-do-sul-ucs\/\">https:\/\/www.ucs.br\/educs\/livro\/memorias-dos-10-anos-do-curso-de-biblioteconomia-da-universidade-de-caxias-do-sul-ucs\/<\/a><\/p>\n","protected":false},"excerpt":{"rendered":"<p>[ad_1] Mem\u00f3rias dos 10 anos do curso de biblioteconomia da Universidade de Caxias do Sul, organizado por Jo\u00e3o Paulo Borges da Silveira (2023) l Parab\u00e9ns ao curso da UCS pelos seus 10 anos de atua\u00e7\u00e3o! #Biblioteconomia #EnsinoDeBiblioteconomia #Mem\u00f3rias via UCS ucs.br\/educs\/livro\/me\u2026 https:\/\/t.co\/w6TYbb2L1L [ad_2] Acesse o item em: https:\/\/www.ucs.br\/educs\/livro\/memorias-dos-10-anos-do-curso-de-biblioteconomia-da-universidade-de-caxias-do-sul-ucs\/<\/p>\n","protected":false},"author":1,"featured_media":19955,"comment_status":"open","ping_status":"open","sticky":false,"template":"","format":"standard","meta":{"_jetpack_memberships_contains_paid_content":false,"footnotes":"","jetpack_publicize_message":"","jetpack_publicize_feature_enabled":true,"jetpack_social_post_already_shared":true,"jetpack_social_options":{"image_generator_settings":{"template":"highway","default_image_id":0,"font":"","enabled":false},"version":2}},"categories":[21],"tags":[33,1589,578],"class_list":["post-19954","post","type-post","status-publish","format-standard","has-post-thumbnail","hentry","category-informeci","tag-biblioteconomia","tag-ensinodebiblioteconomia","tag-memorias"],"jetpack_publicize_connections":[],"jetpack_featured_media_url":"https:\/\/i0.wp.com\/www.pedroandretta.info\/index\/wp-content\/uploads\/2023\/05\/FwJO72EWAAMjxq-.png?fit=502%2C758&ssl=1","views":"","jetpack_sharing_enabled":true,"_links":{"self":[{"href":"https:\/\/www.pedroandretta.info\/index\/wp-json\/wp\/v2\/posts\/19954","targetHints":{"allow":["GET"]}}],"collection":[{"href":"https:\/\/www.pedroandretta.info\/index\/wp-json\/wp\/v2\/posts"}],"about":[{"href":"https:\/\/www.pedroandretta.info\/index\/wp-json\/wp\/v2\/types\/post"}],"author":[{"embeddable":true,"href":"https:\/\/www.pedroandretta.info\/index\/wp-json\/wp\/v2\/users\/1"}],"replies":[{"embeddable":true,"href":"https:\/\/www.pedroandretta.info\/index\/wp-json\/wp\/v2\/comments?post=19954"}],"version-history":[{"count":0,"href":"https:\/\/www.pedroandretta.info\/index\/wp-json\/wp\/v2\/posts\/19954\/revisions"}],"wp:featuredmedia":[{"embeddable":true,"href":"https:\/\/www.pedroandretta.info\/index\/wp-json\/wp\/v2\/media\/19955"}],"wp:attachment":[{"href":"https:\/\/www.pedroandretta.info\/index\/wp-json\/wp\/v2\/media?parent=19954"}],"wp:term":[{"taxonomy":"category","embeddable":true,"href":"https:\/\/www.pedroandretta.info\/index\/wp-json\/wp\/v2\/categories?post=19954"},{"taxonomy":"post_tag","embeddable":true,"href":"https:\/\/www.pedroandretta.info\/index\/wp-json\/wp\/v2\/tags?post=19954"}],"curies":[{"name":"wp","href":"https:\/\/api.w.org\/{rel}","templated":true}]}}