{"id":20058,"date":"2023-05-22T19:00:55","date_gmt":"2023-05-22T23:00:55","guid":{"rendered":"https:\/\/www.pedroandretta.info\/index\/2023\/05\/22\/mediacao-da-informacao-no-carcere-uma-analise-por-intermedio-da-educacao-nas-pr\/"},"modified":"2023-05-22T19:00:55","modified_gmt":"2023-05-22T23:00:55","slug":"mediacao-da-informacao-no-carcere-uma-analise-por-intermedio-da-educacao-nas-pr","status":"publish","type":"post","link":"https:\/\/www.pedroandretta.info\/index\/2023\/05\/mediacao-da-informacao-no-carcere-uma-analise-por-intermedio-da-educacao-nas-pr\/","title":{"rendered":"Media\u00e7\u00e3o da informa\u00e7\u00e3o no c\u00e1rcere: uma an\u00e1lise por interm\u00e9dio da educa\u00e7\u00e3o nas pr&#8230;"},"content":{"rendered":"<p>[ad_1]<br \/>\n<img data-recalc-dims=\"1\" decoding=\"async\" src=\"https:\/\/i0.wp.com\/pbs.twimg.com\/media\/FwxH5K_WwAQ6r0Q.png?w=696&#038;ssl=1\" \/><\/p>\n<p>Media\u00e7\u00e3o da informa\u00e7\u00e3o no c\u00e1rcere: uma an\u00e1lise por interm\u00e9dio da educa\u00e7\u00e3o nas pris\u00f5es l &#8220;A #Media\u00e7\u00e3oDaInforma\u00e7\u00e3o \u00e9 uma manifesta\u00e7\u00e3o pol\u00edtica da CI; portanto, ela tem que sair da academia e atingir a popula\u00e7\u00e3o mais fr\u00e1gil.&#8221;  #BibliotecasPrisionais <a href=\"https:\/\/repositorio.unesp.br\/handle\/11449\/243567\" target=\"_blank\" rel=\"noopener\">repositorio.unesp.br\/handle\/11449\/2\u2026<\/a> <a href=\"https:\/\/t.co\/vNtePwCVum\" target=\"_blank\" rel=\"noopener\">https:\/\/t.co\/vNtePwCVum<\/a><br \/>\n[ad_2]<br \/>\n<br \/>Acesse o item em: <a href=\"https:\/\/repositorio.unesp.br\/handle\/11449\/243567\">https:\/\/repositorio.unesp.br\/handle\/11449\/243567<\/a><\/p>\n","protected":false},"excerpt":{"rendered":"<p>[ad_1] Media\u00e7\u00e3o da informa\u00e7\u00e3o no c\u00e1rcere: uma an\u00e1lise por interm\u00e9dio da educa\u00e7\u00e3o nas pris\u00f5es l &#8220;A #Media\u00e7\u00e3oDaInforma\u00e7\u00e3o \u00e9 uma manifesta\u00e7\u00e3o pol\u00edtica da CI; portanto, ela tem que sair da academia e atingir a popula\u00e7\u00e3o mais fr\u00e1gil.&#8221; #BibliotecasPrisionais repositorio.unesp.br\/handle\/11449\/2\u2026 https:\/\/t.co\/vNtePwCVum [ad_2] Acesse o item em: https:\/\/repositorio.unesp.br\/handle\/11449\/243567<\/p>\n","protected":false},"author":1,"featured_media":20059,"comment_status":"open","ping_status":"open","sticky":false,"template":"","format":"standard","meta":{"_jetpack_newsletter_access":"","_jetpack_dont_email_post_to_subs":false,"_jetpack_newsletter_tier_id":0,"_jetpack_memberships_contains_paywalled_content":false,"_jetpack_feature_clip_id":0,"_jetpack_memberships_contains_paid_content":false,"footnotes":"","jetpack_publicize_message":"","jetpack_publicize_feature_enabled":true,"jetpack_social_post_already_shared":true,"jetpack_social_options":{"image_generator_settings":{"template":"highway","default_image_id":0,"font":"","enabled":false},"version":2},"jetpack_post_was_ever_published":false},"categories":[21],"tags":[58,509],"class_list":["post-20058","post","type-post","status-publish","format-standard","has-post-thumbnail","hentry","category-informeci","tag-bibliotecasprisionais","tag-mediacaodainformacao"],"jetpack_publicize_connections":[],"jetpack_featured_media_url":"https:\/\/i0.wp.com\/www.pedroandretta.info\/index\/wp-content\/uploads\/2023\/05\/FwxH5K_WwAQ6r0Q.png?fit=515%2C665&ssl=1","views":"","jetpack_sharing_enabled":true,"_links":{"self":[{"href":"https:\/\/www.pedroandretta.info\/index\/wp-json\/wp\/v2\/posts\/20058","targetHints":{"allow":["GET"]}}],"collection":[{"href":"https:\/\/www.pedroandretta.info\/index\/wp-json\/wp\/v2\/posts"}],"about":[{"href":"https:\/\/www.pedroandretta.info\/index\/wp-json\/wp\/v2\/types\/post"}],"author":[{"embeddable":true,"href":"https:\/\/www.pedroandretta.info\/index\/wp-json\/wp\/v2\/users\/1"}],"replies":[{"embeddable":true,"href":"https:\/\/www.pedroandretta.info\/index\/wp-json\/wp\/v2\/comments?post=20058"}],"version-history":[{"count":0,"href":"https:\/\/www.pedroandretta.info\/index\/wp-json\/wp\/v2\/posts\/20058\/revisions"}],"wp:featuredmedia":[{"embeddable":true,"href":"https:\/\/www.pedroandretta.info\/index\/wp-json\/wp\/v2\/media\/20059"}],"wp:attachment":[{"href":"https:\/\/www.pedroandretta.info\/index\/wp-json\/wp\/v2\/media?parent=20058"}],"wp:term":[{"taxonomy":"category","embeddable":true,"href":"https:\/\/www.pedroandretta.info\/index\/wp-json\/wp\/v2\/categories?post=20058"},{"taxonomy":"post_tag","embeddable":true,"href":"https:\/\/www.pedroandretta.info\/index\/wp-json\/wp\/v2\/tags?post=20058"}],"curies":[{"name":"wp","href":"https:\/\/api.w.org\/{rel}","templated":true}]}}