{"id":20205,"date":"2023-05-30T20:26:33","date_gmt":"2023-05-31T00:26:33","guid":{"rendered":"https:\/\/www.pedroandretta.info\/index\/2023\/05\/30\/por-cortes-na-pesquisa-universidades-brasileiras-caem-em-ranking-internacional\/"},"modified":"2023-05-30T20:26:33","modified_gmt":"2023-05-31T00:26:33","slug":"por-cortes-na-pesquisa-universidades-brasileiras-caem-em-ranking-internacional","status":"publish","type":"post","link":"https:\/\/www.pedroandretta.info\/index\/2023\/05\/por-cortes-na-pesquisa-universidades-brasileiras-caem-em-ranking-internacional\/","title":{"rendered":"Por cortes na pesquisa, universidades brasileiras caem em ranking internacional &#8230;"},"content":{"rendered":"<p>[ad_1]<\/p>\n<p>Por cortes na pesquisa, universidades brasileiras caem em ranking internacional de qualidade l \u201cVinte e nove universidades brasileiras ca\u00edram de posi\u00e7\u00f5es na edi\u00e7\u00e3o de 2023 do World University Rankings\u201d #UniversidadesP\u00fablicas #Ci\u00eanciaBrasileira via ABEC <a href=\"https:\/\/www.abecbrasil.org.br\/novo\/2023\/05\/por-cortes-na-pesquisa-universidades-brasileiras-caem-em-ranking-internacional-de-qualidade-veja-as-melhores\/\" target=\"_blank\" rel=\"noopener\">abecbrasil.org.br\/novo\/2023\/05\/p\u2026<\/a><br \/>\n[ad_2]<br \/>\n<br \/>Acesse o item em: <a href=\"https:\/\/www.abecbrasil.org.br\/novo\/2023\/05\/por-cortes-na-pesquisa-universidades-brasileiras-caem-em-ranking-internacional-de-qualidade-veja-as-melhores\/\">https:\/\/www.abecbrasil.org.br\/novo\/2023\/05\/por-cortes-na-pesquisa-universidades-brasileiras-caem-em-ranking-internacional-de-qualidade-veja-as-melhores\/<\/a><\/p>\n","protected":false},"excerpt":{"rendered":"<p>[ad_1] Por cortes na pesquisa, universidades brasileiras caem em ranking internacional de qualidade l \u201cVinte e nove universidades brasileiras ca\u00edram de posi\u00e7\u00f5es na edi\u00e7\u00e3o de 2023 do World University Rankings\u201d #UniversidadesP\u00fablicas #Ci\u00eanciaBrasileira via ABEC abecbrasil.org.br\/novo\/2023\/05\/p\u2026 [ad_2] Acesse o item em: https:\/\/www.abecbrasil.org.br\/novo\/2023\/05\/por-cortes-na-pesquisa-universidades-brasileiras-caem-em-ranking-internacional-de-qualidade-veja-as-melhores\/<\/p>\n","protected":false},"author":1,"featured_media":0,"comment_status":"open","ping_status":"open","sticky":false,"template":"","format":"standard","meta":{"_jetpack_newsletter_access":"","_jetpack_dont_email_post_to_subs":false,"_jetpack_newsletter_tier_id":0,"_jetpack_memberships_contains_paywalled_content":false,"_jetpack_feature_clip_id":0,"_jetpack_memberships_contains_paid_content":false,"footnotes":"","jetpack_publicize_message":"","jetpack_publicize_feature_enabled":true,"jetpack_social_post_already_shared":true,"jetpack_social_options":{"image_generator_settings":{"template":"highway","default_image_id":0,"font":"","enabled":false},"version":2},"jetpack_post_was_ever_published":false},"categories":[21],"tags":[2422,819],"class_list":["post-20205","post","type-post","status-publish","format-standard","hentry","category-informeci","tag-cienciabrasileira","tag-universidadespublicas"],"jetpack_publicize_connections":[],"jetpack_featured_media_url":"","views":"","jetpack_sharing_enabled":true,"_links":{"self":[{"href":"https:\/\/www.pedroandretta.info\/index\/wp-json\/wp\/v2\/posts\/20205","targetHints":{"allow":["GET"]}}],"collection":[{"href":"https:\/\/www.pedroandretta.info\/index\/wp-json\/wp\/v2\/posts"}],"about":[{"href":"https:\/\/www.pedroandretta.info\/index\/wp-json\/wp\/v2\/types\/post"}],"author":[{"embeddable":true,"href":"https:\/\/www.pedroandretta.info\/index\/wp-json\/wp\/v2\/users\/1"}],"replies":[{"embeddable":true,"href":"https:\/\/www.pedroandretta.info\/index\/wp-json\/wp\/v2\/comments?post=20205"}],"version-history":[{"count":0,"href":"https:\/\/www.pedroandretta.info\/index\/wp-json\/wp\/v2\/posts\/20205\/revisions"}],"wp:attachment":[{"href":"https:\/\/www.pedroandretta.info\/index\/wp-json\/wp\/v2\/media?parent=20205"}],"wp:term":[{"taxonomy":"category","embeddable":true,"href":"https:\/\/www.pedroandretta.info\/index\/wp-json\/wp\/v2\/categories?post=20205"},{"taxonomy":"post_tag","embeddable":true,"href":"https:\/\/www.pedroandretta.info\/index\/wp-json\/wp\/v2\/tags?post=20205"}],"curies":[{"name":"wp","href":"https:\/\/api.w.org\/{rel}","templated":true}]}}