{"id":20277,"date":"2023-06-05T00:32:26","date_gmt":"2023-06-05T04:32:26","guid":{"rendered":"https:\/\/www.pedroandretta.info\/index\/2023\/06\/05\/ufrn-cassa-titulo-de-doutorado-da-reitora-da-ufersa-por-causa-de-plagio-l-o-mpf\/"},"modified":"2023-06-05T00:32:26","modified_gmt":"2023-06-05T04:32:26","slug":"ufrn-cassa-titulo-de-doutorado-da-reitora-da-ufersa-por-causa-de-plagio-l-o-mpf","status":"publish","type":"post","link":"https:\/\/www.pedroandretta.info\/index\/2023\/06\/ufrn-cassa-titulo-de-doutorado-da-reitora-da-ufersa-por-causa-de-plagio-l-o-mpf\/","title":{"rendered":"UFRN cassa t\u00edtulo de doutorado da reitora da Ufersa por causa de pl\u00e1gio l &#8220;O MPF&#8230;"},"content":{"rendered":"<p>[ad_1]<br \/>\n<img data-recalc-dims=\"1\" decoding=\"async\" src=\"https:\/\/i0.wp.com\/s2-g1.glbimg.com\/e3XC8bZfPYhiSr62d3b2x2fup3U%3D\/1200x\/smart\/filters%3Acover%28%29%3Astrip_icc%28%29\/i.s3.glbimg.com\/v1\/AUTH_59edd422c0c84a879bd37670ae4f538a\/internal_photos\/bs\/2020\/3\/o\/KYLTmiR5eaajOjALdXFQ\/ludimilla.jpg?w=696&#038;ssl=1\"\/><\/p>\n<p>UFRN cassa t\u00edtulo de doutorado da reitora da Ufersa por causa de pl\u00e1gio l &#8220;O MPF chegou a ingressar com uma a\u00e7\u00e3o contra a nomea\u00e7\u00e3o de Ludimilla alegando que o presidente n\u00e3o seguiu a vota\u00e7\u00e3o da comunidade acad\u00eamica [&#8230;]. &#8221; #Pl\u00e1gio #GovernoBolsonaro via G1 <a href=\"https:\/\/g1.globo.com\/rn\/rio-grande-do-norte\/noticia\/2023\/06\/03\/ufrn-cassa-titulo-de-doutorado-da-reitora-da-ufersa-por-plagio-em-tese-apresentada.ghtml\" target=\"_blank\" rel=\"noopener\">g1.globo.com\/rn\/rio-grande-\u2026<\/a><br \/>\n[ad_2]<br \/>\n<br \/>Acesse o item em: <a href=\"https:\/\/g1.globo.com\/rn\/rio-grande-do-norte\/noticia\/2023\/06\/03\/ufrn-cassa-titulo-de-doutorado-da-reitora-da-ufersa-por-plagio-em-tese-apresentada.ghtml\">https:\/\/g1.globo.com\/rn\/rio-grande-do-norte\/noticia\/2023\/06\/03\/ufrn-cassa-titulo-de-doutorado-da-reitora-da-ufersa-por-plagio-em-tese-apresentada.ghtml<\/a><\/p>\n","protected":false},"excerpt":{"rendered":"<p>[ad_1] UFRN cassa t\u00edtulo de doutorado da reitora da Ufersa por causa de pl\u00e1gio l &#8220;O MPF chegou a ingressar com uma a\u00e7\u00e3o contra a nomea\u00e7\u00e3o de Ludimilla alegando que o presidente n\u00e3o seguiu a vota\u00e7\u00e3o da comunidade acad\u00eamica [&#8230;]. &#8221; #Pl\u00e1gio #GovernoBolsonaro via G1 g1.globo.com\/rn\/rio-grande-\u2026 [ad_2] Acesse o item em: https:\/\/g1.globo.com\/rn\/rio-grande-do-norte\/noticia\/2023\/06\/03\/ufrn-cassa-titulo-de-doutorado-da-reitora-da-ufersa-por-plagio-em-tese-apresentada.ghtml<\/p>\n","protected":false},"author":1,"featured_media":20278,"comment_status":"open","ping_status":"open","sticky":false,"template":"","format":"standard","meta":{"_jetpack_memberships_contains_paid_content":false,"footnotes":"","jetpack_publicize_message":"","jetpack_publicize_feature_enabled":true,"jetpack_social_post_already_shared":true,"jetpack_social_options":{"image_generator_settings":{"template":"highway","default_image_id":0,"font":"","enabled":false},"version":2}},"categories":[21],"tags":[2267,162],"class_list":["post-20277","post","type-post","status-publish","format-standard","has-post-thumbnail","hentry","category-informeci","tag-governobolsonaro","tag-plagio"],"jetpack_publicize_connections":[],"jetpack_featured_media_url":"https:\/\/i0.wp.com\/www.pedroandretta.info\/index\/wp-content\/uploads\/2023\/06\/ludimilla.jpg?fit=1200%2C795&ssl=1","views":"","jetpack_sharing_enabled":true,"_links":{"self":[{"href":"https:\/\/www.pedroandretta.info\/index\/wp-json\/wp\/v2\/posts\/20277","targetHints":{"allow":["GET"]}}],"collection":[{"href":"https:\/\/www.pedroandretta.info\/index\/wp-json\/wp\/v2\/posts"}],"about":[{"href":"https:\/\/www.pedroandretta.info\/index\/wp-json\/wp\/v2\/types\/post"}],"author":[{"embeddable":true,"href":"https:\/\/www.pedroandretta.info\/index\/wp-json\/wp\/v2\/users\/1"}],"replies":[{"embeddable":true,"href":"https:\/\/www.pedroandretta.info\/index\/wp-json\/wp\/v2\/comments?post=20277"}],"version-history":[{"count":0,"href":"https:\/\/www.pedroandretta.info\/index\/wp-json\/wp\/v2\/posts\/20277\/revisions"}],"wp:featuredmedia":[{"embeddable":true,"href":"https:\/\/www.pedroandretta.info\/index\/wp-json\/wp\/v2\/media\/20278"}],"wp:attachment":[{"href":"https:\/\/www.pedroandretta.info\/index\/wp-json\/wp\/v2\/media?parent=20277"}],"wp:term":[{"taxonomy":"category","embeddable":true,"href":"https:\/\/www.pedroandretta.info\/index\/wp-json\/wp\/v2\/categories?post=20277"},{"taxonomy":"post_tag","embeddable":true,"href":"https:\/\/www.pedroandretta.info\/index\/wp-json\/wp\/v2\/tags?post=20277"}],"curies":[{"name":"wp","href":"https:\/\/api.w.org\/{rel}","templated":true}]}}