{"id":20289,"date":"2023-06-05T19:00:30","date_gmt":"2023-06-05T23:00:30","guid":{"rendered":"https:\/\/www.pedroandretta.info\/index\/2023\/06\/05\/os-povos-indigenas-estao-em-uma-luta-apenas-para-existir-l-mauricio-terena-af\/"},"modified":"2023-06-05T19:00:30","modified_gmt":"2023-06-05T23:00:30","slug":"os-povos-indigenas-estao-em-uma-luta-apenas-para-existir-l-mauricio-terena-af","status":"publish","type":"post","link":"https:\/\/www.pedroandretta.info\/index\/2023\/06\/os-povos-indigenas-estao-em-uma-luta-apenas-para-existir-l-mauricio-terena-af\/","title":{"rendered":"\u201cOs povos ind\u00edgenas est\u00e3o em uma luta apenas para existir\u201d l \u201cMaur\u00edcio Terena af&#8230;"},"content":{"rendered":"<p>[ad_1]<br \/>\n<img decoding=\"async\" src=\"https:\/\/i0.wp.com\/jornal.usp.br\/wp-content\/uploads\/2023\/06\/20230601_marco-temporal.jpg?fit=1200%2C630&amp;ssl=1\"\/><\/p>\n<p>\u201cOs povos ind\u00edgenas est\u00e3o em uma luta apenas para existir\u201d l \u201cMaur\u00edcio Terena afirma que, se o #MarcoTemporal for aprovado, os impactos n\u00e3o ser\u00e3o sentidos apenas pelos povos ind\u00edgenas, principalmente quando a emerg\u00eancia clim\u00e1tica [\u2026]\u201d via Jornal da USP <a href=\"https:\/\/jornal.usp.br\/radio-usp\/os-povos-indigenas-estao-em-uma-luta-apenas-para-existir\/\" target=\"_blank\" rel=\"noopener\">jornal.usp.br\/radio-usp\/os-p\u2026<\/a><br \/>\n[ad_2]<br \/>\n<br \/>Acesse o item em: <a href=\"https:\/\/jornal.usp.br\/radio-usp\/os-povos-indigenas-estao-em-uma-luta-apenas-para-existir\/\">https:\/\/jornal.usp.br\/radio-usp\/os-povos-indigenas-estao-em-uma-luta-apenas-para-existir\/<\/a><\/p>\n","protected":false},"excerpt":{"rendered":"<p>[ad_1] \u201cOs povos ind\u00edgenas est\u00e3o em uma luta apenas para existir\u201d l \u201cMaur\u00edcio Terena afirma que, se o #MarcoTemporal for aprovado, os impactos n\u00e3o ser\u00e3o sentidos apenas pelos povos ind\u00edgenas, principalmente quando a emerg\u00eancia clim\u00e1tica [\u2026]\u201d via Jornal da USP jornal.usp.br\/radio-usp\/os-p\u2026 [ad_2] Acesse o item em: https:\/\/jornal.usp.br\/radio-usp\/os-povos-indigenas-estao-em-uma-luta-apenas-para-existir\/<\/p>\n","protected":false},"author":1,"featured_media":20290,"comment_status":"open","ping_status":"open","sticky":false,"template":"","format":"standard","meta":{"_jetpack_memberships_contains_paid_content":false,"footnotes":"","jetpack_publicize_message":"","jetpack_publicize_feature_enabled":true,"jetpack_social_post_already_shared":true,"jetpack_social_options":{"image_generator_settings":{"template":"highway","default_image_id":0,"font":"","enabled":false},"version":2}},"categories":[21],"tags":[3580],"class_list":["post-20289","post","type-post","status-publish","format-standard","has-post-thumbnail","hentry","category-informeci","tag-marcotemporal"],"jetpack_publicize_connections":[],"jetpack_featured_media_url":"https:\/\/i0.wp.com\/www.pedroandretta.info\/index\/wp-content\/uploads\/2023\/06\/20230601_marco-temporal.jpg?fit=1200%2C630&ssl=1","views":"","jetpack_sharing_enabled":true,"_links":{"self":[{"href":"https:\/\/www.pedroandretta.info\/index\/wp-json\/wp\/v2\/posts\/20289","targetHints":{"allow":["GET"]}}],"collection":[{"href":"https:\/\/www.pedroandretta.info\/index\/wp-json\/wp\/v2\/posts"}],"about":[{"href":"https:\/\/www.pedroandretta.info\/index\/wp-json\/wp\/v2\/types\/post"}],"author":[{"embeddable":true,"href":"https:\/\/www.pedroandretta.info\/index\/wp-json\/wp\/v2\/users\/1"}],"replies":[{"embeddable":true,"href":"https:\/\/www.pedroandretta.info\/index\/wp-json\/wp\/v2\/comments?post=20289"}],"version-history":[{"count":0,"href":"https:\/\/www.pedroandretta.info\/index\/wp-json\/wp\/v2\/posts\/20289\/revisions"}],"wp:featuredmedia":[{"embeddable":true,"href":"https:\/\/www.pedroandretta.info\/index\/wp-json\/wp\/v2\/media\/20290"}],"wp:attachment":[{"href":"https:\/\/www.pedroandretta.info\/index\/wp-json\/wp\/v2\/media?parent=20289"}],"wp:term":[{"taxonomy":"category","embeddable":true,"href":"https:\/\/www.pedroandretta.info\/index\/wp-json\/wp\/v2\/categories?post=20289"},{"taxonomy":"post_tag","embeddable":true,"href":"https:\/\/www.pedroandretta.info\/index\/wp-json\/wp\/v2\/tags?post=20289"}],"curies":[{"name":"wp","href":"https:\/\/api.w.org\/{rel}","templated":true}]}}