{"id":20382,"date":"2023-06-12T20:14:01","date_gmt":"2023-06-13T00:14:01","guid":{"rendered":"https:\/\/www.pedroandretta.info\/index\/2023\/06\/12\/biblioteconomia-social-na-formacao-do-bibliotecario-l-ainda-se-esta-longe-de\/"},"modified":"2023-06-12T20:14:01","modified_gmt":"2023-06-13T00:14:01","slug":"biblioteconomia-social-na-formacao-do-bibliotecario-l-ainda-se-esta-longe-de","status":"publish","type":"post","link":"https:\/\/www.pedroandretta.info\/index\/2023\/06\/biblioteconomia-social-na-formacao-do-bibliotecario-l-ainda-se-esta-longe-de\/","title":{"rendered":"Biblioteconomia Social na forma\u00e7\u00e3o do bibliotec\u00e1rio l\u201c[\u2026] ainda se est\u00e1 longe de&#8230;"},"content":{"rendered":"<p>[ad_1]<br \/>\n<img data-recalc-dims=\"1\" decoding=\"async\" src=\"https:\/\/i0.wp.com\/pbs.twimg.com\/media\/FydjSinWcAAQns6.jpg?w=696&#038;ssl=1\" \/><\/p>\n<p>Biblioteconomia Social na forma\u00e7\u00e3o do bibliotec\u00e1rio l\u201c[\u2026] ainda se est\u00e1 longe de efetivar uma a\u00e7\u00e3o pedag\u00f3gica que promova plenamente a Biblioteconomia Social.\u201d (Para quem est\u00e1 pensando em PPC ou PPP) #BiblioteconomiaSocial #UFMA #UFG #Forma\u00e7\u00e3oProfissional <a href=\"https:\/\/periodicos.ufmg.br\/index.php\/pci\/article\/view\/43260\" target=\"_blank\" rel=\"noopener\">periodicos.ufmg.br\/index.php\/pci\/\u2026<\/a> <a href=\"https:\/\/t.co\/WjODPZ8wkv\" target=\"_blank\" rel=\"noopener\">https:\/\/t.co\/WjODPZ8wkv<\/a><br \/>\n[ad_2]<br \/>\n<br \/>Acesse o item em: <a href=\"https:\/\/periodicos.ufmg.br\/index.php\/pci\/article\/view\/43260\">https:\/\/periodicos.ufmg.br\/index.php\/pci\/article\/view\/43260<\/a><\/p>\n","protected":false},"excerpt":{"rendered":"<p>[ad_1] Biblioteconomia Social na forma\u00e7\u00e3o do bibliotec\u00e1rio l\u201c[\u2026] ainda se est\u00e1 longe de efetivar uma a\u00e7\u00e3o pedag\u00f3gica que promova plenamente a Biblioteconomia Social.\u201d (Para quem est\u00e1 pensando em PPC ou PPP) #BiblioteconomiaSocial #UFMA #UFG #Forma\u00e7\u00e3oProfissional periodicos.ufmg.br\/index.php\/pci\/\u2026 https:\/\/t.co\/WjODPZ8wkv [ad_2] Acesse o item em: https:\/\/periodicos.ufmg.br\/index.php\/pci\/article\/view\/43260<\/p>\n","protected":false},"author":1,"featured_media":20383,"comment_status":"open","ping_status":"open","sticky":false,"template":"","format":"standard","meta":{"_jetpack_newsletter_access":"","_jetpack_dont_email_post_to_subs":false,"_jetpack_newsletter_tier_id":0,"_jetpack_memberships_contains_paywalled_content":false,"_jetpack_feature_clip_id":0,"_jetpack_memberships_contains_paid_content":false,"footnotes":"","jetpack_publicize_message":"","jetpack_publicize_feature_enabled":true,"jetpack_social_post_already_shared":true,"jetpack_social_options":{"image_generator_settings":{"template":"highway","default_image_id":0,"font":"","enabled":false},"version":2},"jetpack_post_was_ever_published":false},"categories":[21],"tags":[359,1725,98,1089],"class_list":["post-20382","post","type-post","status-publish","format-standard","has-post-thumbnail","hentry","category-informeci","tag-biblioteconomiasocial","tag-formacaoprofissional","tag-ufg","tag-ufma"],"jetpack_publicize_connections":[],"jetpack_featured_media_url":"https:\/\/i0.wp.com\/www.pedroandretta.info\/index\/wp-content\/uploads\/2023\/06\/FydjSinWcAAQns6.jpg?fit=640%2C904&ssl=1","views":"","jetpack_sharing_enabled":true,"_links":{"self":[{"href":"https:\/\/www.pedroandretta.info\/index\/wp-json\/wp\/v2\/posts\/20382","targetHints":{"allow":["GET"]}}],"collection":[{"href":"https:\/\/www.pedroandretta.info\/index\/wp-json\/wp\/v2\/posts"}],"about":[{"href":"https:\/\/www.pedroandretta.info\/index\/wp-json\/wp\/v2\/types\/post"}],"author":[{"embeddable":true,"href":"https:\/\/www.pedroandretta.info\/index\/wp-json\/wp\/v2\/users\/1"}],"replies":[{"embeddable":true,"href":"https:\/\/www.pedroandretta.info\/index\/wp-json\/wp\/v2\/comments?post=20382"}],"version-history":[{"count":0,"href":"https:\/\/www.pedroandretta.info\/index\/wp-json\/wp\/v2\/posts\/20382\/revisions"}],"wp:featuredmedia":[{"embeddable":true,"href":"https:\/\/www.pedroandretta.info\/index\/wp-json\/wp\/v2\/media\/20383"}],"wp:attachment":[{"href":"https:\/\/www.pedroandretta.info\/index\/wp-json\/wp\/v2\/media?parent=20382"}],"wp:term":[{"taxonomy":"category","embeddable":true,"href":"https:\/\/www.pedroandretta.info\/index\/wp-json\/wp\/v2\/categories?post=20382"},{"taxonomy":"post_tag","embeddable":true,"href":"https:\/\/www.pedroandretta.info\/index\/wp-json\/wp\/v2\/tags?post=20382"}],"curies":[{"name":"wp","href":"https:\/\/api.w.org\/{rel}","templated":true}]}}