{"id":20414,"date":"2023-06-14T20:41:44","date_gmt":"2023-06-15T00:41:44","guid":{"rendered":"https:\/\/www.pedroandretta.info\/index\/2023\/06\/14\/biblioteconomia-social-l-a-virada-socialque-se-delineia-revela-a-potenci\/"},"modified":"2025-06-24T11:17:04","modified_gmt":"2025-06-24T15:17:04","slug":"biblioteconomia-social-l-a-virada-socialque-se-delineia-revela-a-potenci","status":"publish","type":"post","link":"https:\/\/www.pedroandretta.info\/index\/2023\/06\/biblioteconomia-social-l-a-virada-socialque-se-delineia-revela-a-potenci\/","title":{"rendered":"Biblioteconomia Social l\u201c[\u2026] a \u201cvirada social\u201d,que se delineia, revela a potenci&#8230;"},"content":{"rendered":"<p>[ad_1]<br \/>\n<img data-recalc-dims=\"1\" decoding=\"async\" src=\"https:\/\/i0.wp.com\/pbs.twimg.com\/media\/Fyn80BpXwAAwCoP.jpg?w=696&#038;ssl=1\" \/><\/p>\n<p>Biblioteconomia Social l\u201c[\u2026] a \u201cvirada social\u201d,que se delineia, revela a potencialidade de uma mudan\u00e7a e um compromisso da #Biblioteconomia em um outro espa\u00e7o que n\u00e3o mais exclusivo da manuten\u00e7\u00e3o de uma ordem,em manter as coisas como est\u00e3o\u201d via CI Express <a href=\"https:\/\/cienciadainformacaoexpress.ufla.br\/index.php\/revista\/article\/view\/101\" target=\"_blank\" rel=\"noopener\">cienciadainformacaoexpress.ufla.br\/index.php\/revi\u2026<\/a> <a href=\"https:\/\/twitter.com\/pedroisandretta\/status\/1669143114269818880\/photo\/1\" target=\"_blank\" rel=\"noopener\">pic.twitter.com\/kohWszTvqf<\/a><br \/>\n[ad_2]<br \/>\n<br \/>Acesse o item em: <a href=\"https:\/\/cienciadainformacaoexpress.ufla.br\/index.php\/revista\/article\/view\/101\">https:\/\/cienciadainformacaoexpress.ufla.br\/index.php\/revista\/article\/view\/101<\/a><\/p>\n","protected":false},"excerpt":{"rendered":"<p>[ad_1] Biblioteconomia Social l\u201c[\u2026] a \u201cvirada social\u201d,que se delineia, revela a potencialidade de uma mudan\u00e7a e um compromisso da #Biblioteconomia em um outro espa\u00e7o que n\u00e3o mais exclusivo da manuten\u00e7\u00e3o de uma ordem,em manter as coisas como est\u00e3o\u201d via CI Express cienciadainformacaoexpress.ufla.br\/index.php\/revi\u2026 pic.twitter.com\/kohWszTvqf [ad_2] Acesse o item em: https:\/\/cienciadainformacaoexpress.ufla.br\/index.php\/revista\/article\/view\/101<\/p>\n","protected":false},"author":1,"featured_media":20415,"comment_status":"open","ping_status":"open","sticky":false,"template":"","format":"standard","meta":{"_jetpack_memberships_contains_paid_content":false,"footnotes":"","jetpack_publicize_message":"","jetpack_publicize_feature_enabled":true,"jetpack_social_post_already_shared":true,"jetpack_social_options":{"image_generator_settings":{"template":"highway","default_image_id":0,"font":"","enabled":false},"version":2}},"categories":[21],"tags":[33],"class_list":["post-20414","post","type-post","status-publish","format-standard","has-post-thumbnail","hentry","category-informeci","tag-biblioteconomia"],"jetpack_publicize_connections":[],"jetpack_featured_media_url":"https:\/\/i0.wp.com\/www.pedroandretta.info\/index\/wp-content\/uploads\/2023\/06\/Fyn80BpXwAAwCoP.jpg?fit=640%2C904&ssl=1","views":"","jetpack_sharing_enabled":true,"_links":{"self":[{"href":"https:\/\/www.pedroandretta.info\/index\/wp-json\/wp\/v2\/posts\/20414","targetHints":{"allow":["GET"]}}],"collection":[{"href":"https:\/\/www.pedroandretta.info\/index\/wp-json\/wp\/v2\/posts"}],"about":[{"href":"https:\/\/www.pedroandretta.info\/index\/wp-json\/wp\/v2\/types\/post"}],"author":[{"embeddable":true,"href":"https:\/\/www.pedroandretta.info\/index\/wp-json\/wp\/v2\/users\/1"}],"replies":[{"embeddable":true,"href":"https:\/\/www.pedroandretta.info\/index\/wp-json\/wp\/v2\/comments?post=20414"}],"version-history":[{"count":0,"href":"https:\/\/www.pedroandretta.info\/index\/wp-json\/wp\/v2\/posts\/20414\/revisions"}],"wp:featuredmedia":[{"embeddable":true,"href":"https:\/\/www.pedroandretta.info\/index\/wp-json\/wp\/v2\/media\/20415"}],"wp:attachment":[{"href":"https:\/\/www.pedroandretta.info\/index\/wp-json\/wp\/v2\/media?parent=20414"}],"wp:term":[{"taxonomy":"category","embeddable":true,"href":"https:\/\/www.pedroandretta.info\/index\/wp-json\/wp\/v2\/categories?post=20414"},{"taxonomy":"post_tag","embeddable":true,"href":"https:\/\/www.pedroandretta.info\/index\/wp-json\/wp\/v2\/tags?post=20414"}],"curies":[{"name":"wp","href":"https:\/\/api.w.org\/{rel}","templated":true}]}}