{"id":20431,"date":"2023-06-16T17:33:20","date_gmt":"2023-06-16T21:33:20","guid":{"rendered":"https:\/\/www.pedroandretta.info\/index\/2023\/06\/16\/autor-de-mais-de-700-artigos-e-suspenso-por-13-anos-por-infracao-contratual-lo\/"},"modified":"2025-06-24T11:20:27","modified_gmt":"2025-06-24T15:20:27","slug":"autor-de-mais-de-700-artigos-e-suspenso-por-13-anos-por-infracao-contratual-lo","status":"publish","type":"post","link":"https:\/\/www.pedroandretta.info\/index\/2023\/06\/autor-de-mais-de-700-artigos-e-suspenso-por-13-anos-por-infracao-contratual-lo\/","title":{"rendered":"Autor de mais de 700 artigos \u00e9 suspenso por 13 anos por infra\u00e7\u00e3o contratual l&#8221;O &#8230;"},"content":{"rendered":"<p>[ad_1]<br \/>\nAutor de mais de 700 artigos \u00e9 suspenso por 13 anos por infra\u00e7\u00e3o contratual l&#8221;O espanhol nega irregularidades, mas admite que, nos \u00faltimos meses, tem  usado o software de intelig\u00eancia artificial ChatGPT para auxili\u00e1-lo&#8221; #Ci\u00eancia via Revista Pesquisa Fapesp <a href=\"https:\/\/revistapesquisa.fapesp.br\/autor-de-mais-de-700-artigos-e-suspenso-por-13-anos-por-infracao-contratual\/\" target=\"_blank\" rel=\"noopener\">revistapesquisa.fapesp.br\/autor-de-mais-\u2026<\/a><br \/>\n[ad_2]<br \/>\n<br \/>Acesse o item em: <a href=\"https:\/\/revistapesquisa.fapesp.br\/autor-de-mais-de-700-artigos-e-suspenso-por-13-anos-por-infracao-contratual\/\">https:\/\/revistapesquisa.fapesp.br\/autor-de-mais-de-700-artigos-e-suspenso-por-13-anos-por-infracao-contratual\/<\/a><\/p>\n","protected":false},"excerpt":{"rendered":"<p>[ad_1] Autor de mais de 700 artigos \u00e9 suspenso por 13 anos por infra\u00e7\u00e3o contratual l&#8221;O espanhol nega irregularidades, mas admite que, nos \u00faltimos meses, tem usado o software de intelig\u00eancia artificial ChatGPT para auxili\u00e1-lo&#8221; #Ci\u00eancia via Revista Pesquisa Fapesp revistapesquisa.fapesp.br\/autor-de-mais-\u2026 [ad_2] Acesse o item em: https:\/\/revistapesquisa.fapesp.br\/autor-de-mais-de-700-artigos-e-suspenso-por-13-anos-por-infracao-contratual\/<\/p>\n","protected":false},"author":1,"featured_media":0,"comment_status":"open","ping_status":"open","sticky":false,"template":"","format":"standard","meta":{"_jetpack_memberships_contains_paid_content":false,"footnotes":"","jetpack_publicize_message":"","jetpack_publicize_feature_enabled":true,"jetpack_social_post_already_shared":true,"jetpack_social_options":{"image_generator_settings":{"template":"highway","default_image_id":0,"font":"","enabled":false},"version":2}},"categories":[21],"tags":[445],"class_list":["post-20431","post","type-post","status-publish","format-standard","hentry","category-informeci","tag-autoria"],"jetpack_publicize_connections":[],"jetpack_featured_media_url":"","views":"","jetpack_sharing_enabled":true,"_links":{"self":[{"href":"https:\/\/www.pedroandretta.info\/index\/wp-json\/wp\/v2\/posts\/20431","targetHints":{"allow":["GET"]}}],"collection":[{"href":"https:\/\/www.pedroandretta.info\/index\/wp-json\/wp\/v2\/posts"}],"about":[{"href":"https:\/\/www.pedroandretta.info\/index\/wp-json\/wp\/v2\/types\/post"}],"author":[{"embeddable":true,"href":"https:\/\/www.pedroandretta.info\/index\/wp-json\/wp\/v2\/users\/1"}],"replies":[{"embeddable":true,"href":"https:\/\/www.pedroandretta.info\/index\/wp-json\/wp\/v2\/comments?post=20431"}],"version-history":[{"count":0,"href":"https:\/\/www.pedroandretta.info\/index\/wp-json\/wp\/v2\/posts\/20431\/revisions"}],"wp:attachment":[{"href":"https:\/\/www.pedroandretta.info\/index\/wp-json\/wp\/v2\/media?parent=20431"}],"wp:term":[{"taxonomy":"category","embeddable":true,"href":"https:\/\/www.pedroandretta.info\/index\/wp-json\/wp\/v2\/categories?post=20431"},{"taxonomy":"post_tag","embeddable":true,"href":"https:\/\/www.pedroandretta.info\/index\/wp-json\/wp\/v2\/tags?post=20431"}],"curies":[{"name":"wp","href":"https:\/\/api.w.org\/{rel}","templated":true}]}}