{"id":20432,"date":"2023-06-16T17:57:26","date_gmt":"2023-06-16T21:57:26","guid":{"rendered":"https:\/\/www.pedroandretta.info\/index\/2023\/06\/16\/o-papel-vital-das-bibliotecas-e-da-democracia-precisam-de-protecao-l-as-bibliote\/"},"modified":"2025-06-24T11:21:53","modified_gmt":"2025-06-24T15:21:53","slug":"o-papel-vital-das-bibliotecas-e-da-democracia-precisam-de-protecao-l-as-bibliote","status":"publish","type":"post","link":"https:\/\/www.pedroandretta.info\/index\/2023\/06\/o-papel-vital-das-bibliotecas-e-da-democracia-precisam-de-protecao-l-as-bibliote\/","title":{"rendered":"O papel vital das bibliotecas e da democracia precisam de prote\u00e7\u00e3o l As bibliote&#8230;"},"content":{"rendered":"<p>[ad_1]<br \/>\n<img data-recalc-dims=\"1\" decoding=\"async\" src=\"https:\/\/i0.wp.com\/pbs.twimg.com\/media\/FyxpjFAX0AAbO30.png?w=696&#038;ssl=1\" \/><\/p>\n<p>O papel vital das bibliotecas e da democracia precisam de prote\u00e7\u00e3o l As bibliotecas possuem valores declarados, como servi\u00e7o, aprendizado, honestidade intelectual, diversidade e defesa da liberdade e seguran\u00e7a intelectual.&#8221;  #Democracia #Bibliotecas <a href=\"https:\/\/edicionsedic.es\/clip\/article\/view\/112\" target=\"_blank\" rel=\"noopener\">edicionsedic.es\/clip\/article\/v\u2026<\/a> <a href=\"https:\/\/twitter.com\/pedroisandretta\/status\/1669826544502554628\/photo\/1\" target=\"_blank\" rel=\"noopener\">pic.twitter.com\/9TC18tc8pb<\/a><br \/>\n[ad_2]<br \/>\n<br \/>Acesse o item em: <a href=\"https:\/\/edicionsedic.es\/clip\/article\/view\/112\">https:\/\/edicionsedic.es\/clip\/article\/view\/112<\/a><\/p>\n","protected":false},"excerpt":{"rendered":"<p>[ad_1] O papel vital das bibliotecas e da democracia precisam de prote\u00e7\u00e3o l As bibliotecas possuem valores declarados, como servi\u00e7o, aprendizado, honestidade intelectual, diversidade e defesa da liberdade e seguran\u00e7a intelectual.&#8221; #Democracia #Bibliotecas edicionsedic.es\/clip\/article\/v\u2026 pic.twitter.com\/9TC18tc8pb [ad_2] Acesse o item em: https:\/\/edicionsedic.es\/clip\/article\/view\/112<\/p>\n","protected":false},"author":1,"featured_media":20433,"comment_status":"open","ping_status":"open","sticky":false,"template":"","format":"standard","meta":{"_jetpack_memberships_contains_paid_content":false,"footnotes":"","jetpack_publicize_message":"","jetpack_publicize_feature_enabled":true,"jetpack_social_post_already_shared":true,"jetpack_social_options":{"image_generator_settings":{"template":"highway","default_image_id":0,"font":"","enabled":false},"version":2}},"categories":[21],"tags":[38,303],"class_list":["post-20432","post","type-post","status-publish","format-standard","has-post-thumbnail","hentry","category-informeci","tag-bibliotecas","tag-democracia"],"jetpack_publicize_connections":[],"jetpack_featured_media_url":"https:\/\/i0.wp.com\/www.pedroandretta.info\/index\/wp-content\/uploads\/2023\/06\/FyxpjFAX0AAbO30.png?fit=573%2C740&ssl=1","views":"","jetpack_sharing_enabled":true,"_links":{"self":[{"href":"https:\/\/www.pedroandretta.info\/index\/wp-json\/wp\/v2\/posts\/20432","targetHints":{"allow":["GET"]}}],"collection":[{"href":"https:\/\/www.pedroandretta.info\/index\/wp-json\/wp\/v2\/posts"}],"about":[{"href":"https:\/\/www.pedroandretta.info\/index\/wp-json\/wp\/v2\/types\/post"}],"author":[{"embeddable":true,"href":"https:\/\/www.pedroandretta.info\/index\/wp-json\/wp\/v2\/users\/1"}],"replies":[{"embeddable":true,"href":"https:\/\/www.pedroandretta.info\/index\/wp-json\/wp\/v2\/comments?post=20432"}],"version-history":[{"count":0,"href":"https:\/\/www.pedroandretta.info\/index\/wp-json\/wp\/v2\/posts\/20432\/revisions"}],"wp:featuredmedia":[{"embeddable":true,"href":"https:\/\/www.pedroandretta.info\/index\/wp-json\/wp\/v2\/media\/20433"}],"wp:attachment":[{"href":"https:\/\/www.pedroandretta.info\/index\/wp-json\/wp\/v2\/media?parent=20432"}],"wp:term":[{"taxonomy":"category","embeddable":true,"href":"https:\/\/www.pedroandretta.info\/index\/wp-json\/wp\/v2\/categories?post=20432"},{"taxonomy":"post_tag","embeddable":true,"href":"https:\/\/www.pedroandretta.info\/index\/wp-json\/wp\/v2\/tags?post=20432"}],"curies":[{"name":"wp","href":"https:\/\/api.w.org\/{rel}","templated":true}]}}