{"id":20434,"date":"2023-06-16T17:38:02","date_gmt":"2023-06-16T21:38:02","guid":{"rendered":"https:\/\/www.pedroandretta.info\/index\/2023\/06\/16\/proporcao-de-universitarios-negros-cai-pela-primeira-vez-desde-2016-l-a-p\/"},"modified":"2023-06-16T17:38:02","modified_gmt":"2023-06-16T21:38:02","slug":"proporcao-de-universitarios-negros-cai-pela-primeira-vez-desde-2016-l-a-p","status":"publish","type":"post","link":"https:\/\/www.pedroandretta.info\/index\/2023\/06\/proporcao-de-universitarios-negros-cai-pela-primeira-vez-desde-2016-l-a-p\/","title":{"rendered":"Propor\u00e7\u00e3o de universit\u00e1rios negros cai pela primeira vez desde 2016 l &#8220;[&#8230;] a p&#8230;"},"content":{"rendered":"<p>[ad_1]<br \/>\nPropor\u00e7\u00e3o de universit\u00e1rios negros cai pela primeira vez desde 2016 l &#8220;[&#8230;] a propor\u00e7\u00e3o de estudantes negros matriculados em universidades brasileiras diminuiu de 50,3% em 2022 para 47,8% em 2023.&#8221; #Inclus\u00e3o #Desigualdade via Observat\u00f3rio do Conhecimento <a href=\"https:\/\/observatoriodoconhecimento.org.br\/proporcao-de-universitarios-negros-cai-pela-primeira-vez-desde-2016\/\" target=\"_blank\" rel=\"noopener\">observatoriodoconhecimento.org.br\/proporcao-de-u\u2026<\/a><br \/>\n[ad_2]<br \/>\n<br \/>Acesse o item em: <a href=\"https:\/\/observatoriodoconhecimento.org.br\/proporcao-de-universitarios-negros-cai-pela-primeira-vez-desde-2016\/\">https:\/\/observatoriodoconhecimento.org.br\/proporcao-de-universitarios-negros-cai-pela-primeira-vez-desde-2016\/<\/a><\/p>\n","protected":false},"excerpt":{"rendered":"<p>[ad_1] Propor\u00e7\u00e3o de universit\u00e1rios negros cai pela primeira vez desde 2016 l &#8220;[&#8230;] a propor\u00e7\u00e3o de estudantes negros matriculados em universidades brasileiras diminuiu de 50,3% em 2022 para 47,8% em 2023.&#8221; #Inclus\u00e3o #Desigualdade via Observat\u00f3rio do Conhecimento observatoriodoconhecimento.org.br\/proporcao-de-u\u2026 [ad_2] Acesse o item em: https:\/\/observatoriodoconhecimento.org.br\/proporcao-de-universitarios-negros-cai-pela-primeira-vez-desde-2016\/<\/p>\n","protected":false},"author":1,"featured_media":0,"comment_status":"open","ping_status":"open","sticky":false,"template":"","format":"standard","meta":{"_jetpack_memberships_contains_paid_content":false,"footnotes":"","jetpack_publicize_message":"","jetpack_publicize_feature_enabled":true,"jetpack_social_post_already_shared":true,"jetpack_social_options":{"image_generator_settings":{"template":"highway","default_image_id":0,"font":"","enabled":false},"version":2}},"categories":[21],"tags":[],"class_list":["post-20434","post","type-post","status-publish","format-standard","hentry","category-informeci"],"jetpack_publicize_connections":[],"jetpack_featured_media_url":"","views":"","jetpack_sharing_enabled":true,"_links":{"self":[{"href":"https:\/\/www.pedroandretta.info\/index\/wp-json\/wp\/v2\/posts\/20434","targetHints":{"allow":["GET"]}}],"collection":[{"href":"https:\/\/www.pedroandretta.info\/index\/wp-json\/wp\/v2\/posts"}],"about":[{"href":"https:\/\/www.pedroandretta.info\/index\/wp-json\/wp\/v2\/types\/post"}],"author":[{"embeddable":true,"href":"https:\/\/www.pedroandretta.info\/index\/wp-json\/wp\/v2\/users\/1"}],"replies":[{"embeddable":true,"href":"https:\/\/www.pedroandretta.info\/index\/wp-json\/wp\/v2\/comments?post=20434"}],"version-history":[{"count":0,"href":"https:\/\/www.pedroandretta.info\/index\/wp-json\/wp\/v2\/posts\/20434\/revisions"}],"wp:attachment":[{"href":"https:\/\/www.pedroandretta.info\/index\/wp-json\/wp\/v2\/media?parent=20434"}],"wp:term":[{"taxonomy":"category","embeddable":true,"href":"https:\/\/www.pedroandretta.info\/index\/wp-json\/wp\/v2\/categories?post=20434"},{"taxonomy":"post_tag","embeddable":true,"href":"https:\/\/www.pedroandretta.info\/index\/wp-json\/wp\/v2\/tags?post=20434"}],"curies":[{"name":"wp","href":"https:\/\/api.w.org\/{rel}","templated":true}]}}