{"id":20435,"date":"2023-06-16T17:36:33","date_gmt":"2023-06-16T21:36:33","guid":{"rendered":"https:\/\/www.pedroandretta.info\/index\/2023\/06\/16\/o-impacto-nefasto-da-desinformacao-no-consultorio-medico-l-quase-tres-em-c\/"},"modified":"2025-06-24T11:20:52","modified_gmt":"2025-06-24T15:20:52","slug":"o-impacto-nefasto-da-desinformacao-no-consultorio-medico-l-quase-tres-em-c","status":"publish","type":"post","link":"https:\/\/www.pedroandretta.info\/index\/2023\/06\/o-impacto-nefasto-da-desinformacao-no-consultorio-medico-l-quase-tres-em-c\/","title":{"rendered":"O impacto nefasto da desinforma\u00e7\u00e3o no consult\u00f3rio m\u00e9dico l&#8221;[&#8230;] quase tr\u00eas em c&#8230;"},"content":{"rendered":"<p>[ad_1]<br \/>\nO impacto nefasto da desinforma\u00e7\u00e3o no consult\u00f3rio m\u00e9dico l&#8221;[&#8230;] quase tr\u00eas em cada quatro dos profissionais de #sa\u00fade (72%) e relataram que a desinforma\u00e7\u00e3o sobre a COVID-19 dificultou o cuidado com os pacientes[&#8230;]&#8221; #Desinforma\u00e7\u00e3o via Quest\u00e3o de Ci\u00eancia <a href=\"https:\/\/www.revistaquestaodeciencia.com.br\/artigo\/2023\/06\/16\/o-impacto-nefasto-da-desinformacao-em-saude-nos-consultorios\" target=\"_blank\" rel=\"noopener\">revistaquestaodeciencia.com.br\/artigo\/2023\/06\u2026<\/a><br \/>\n[ad_2]<br \/>\n<br \/>Acesse o item em: <a href=\"https:\/\/www.revistaquestaodeciencia.com.br\/artigo\/2023\/06\/16\/o-impacto-nefasto-da-desinformacao-em-saude-nos-consultorios\">https:\/\/www.revistaquestaodeciencia.com.br\/artigo\/2023\/06\/16\/o-impacto-nefasto-da-desinformacao-em-saude-nos-consultorios<\/a><\/p>\n","protected":false},"excerpt":{"rendered":"<p>[ad_1] O impacto nefasto da desinforma\u00e7\u00e3o no consult\u00f3rio m\u00e9dico l&#8221;[&#8230;] quase tr\u00eas em cada quatro dos profissionais de #sa\u00fade (72%) e relataram que a desinforma\u00e7\u00e3o sobre a COVID-19 dificultou o cuidado com os pacientes[&#8230;]&#8221; #Desinforma\u00e7\u00e3o via Quest\u00e3o de Ci\u00eancia revistaquestaodeciencia.com.br\/artigo\/2023\/06\u2026 [ad_2] Acesse o item em: https:\/\/www.revistaquestaodeciencia.com.br\/artigo\/2023\/06\/16\/o-impacto-nefasto-da-desinformacao-em-saude-nos-consultorios<\/p>\n","protected":false},"author":1,"featured_media":0,"comment_status":"open","ping_status":"open","sticky":false,"template":"","format":"standard","meta":{"_jetpack_memberships_contains_paid_content":false,"footnotes":"","jetpack_publicize_message":"","jetpack_publicize_feature_enabled":true,"jetpack_social_post_already_shared":true,"jetpack_social_options":{"image_generator_settings":{"template":"highway","default_image_id":0,"font":"","enabled":false},"version":2}},"categories":[21],"tags":[142,1079],"class_list":["post-20435","post","type-post","status-publish","format-standard","hentry","category-informeci","tag-desinformacao","tag-informacaoemsaude"],"jetpack_publicize_connections":[],"jetpack_featured_media_url":"","views":"","jetpack_sharing_enabled":true,"_links":{"self":[{"href":"https:\/\/www.pedroandretta.info\/index\/wp-json\/wp\/v2\/posts\/20435","targetHints":{"allow":["GET"]}}],"collection":[{"href":"https:\/\/www.pedroandretta.info\/index\/wp-json\/wp\/v2\/posts"}],"about":[{"href":"https:\/\/www.pedroandretta.info\/index\/wp-json\/wp\/v2\/types\/post"}],"author":[{"embeddable":true,"href":"https:\/\/www.pedroandretta.info\/index\/wp-json\/wp\/v2\/users\/1"}],"replies":[{"embeddable":true,"href":"https:\/\/www.pedroandretta.info\/index\/wp-json\/wp\/v2\/comments?post=20435"}],"version-history":[{"count":0,"href":"https:\/\/www.pedroandretta.info\/index\/wp-json\/wp\/v2\/posts\/20435\/revisions"}],"wp:attachment":[{"href":"https:\/\/www.pedroandretta.info\/index\/wp-json\/wp\/v2\/media?parent=20435"}],"wp:term":[{"taxonomy":"category","embeddable":true,"href":"https:\/\/www.pedroandretta.info\/index\/wp-json\/wp\/v2\/categories?post=20435"},{"taxonomy":"post_tag","embeddable":true,"href":"https:\/\/www.pedroandretta.info\/index\/wp-json\/wp\/v2\/tags?post=20435"}],"curies":[{"name":"wp","href":"https:\/\/api.w.org\/{rel}","templated":true}]}}