{"id":20458,"date":"2023-06-19T17:46:20","date_gmt":"2023-06-19T21:46:20","guid":{"rendered":"https:\/\/www.pedroandretta.info\/index\/2023\/06\/19\/nem-so-de-bibliotecas-vivem-os-bibliotecarios-l-biblioteca-e-a-essencia-do-nas\/"},"modified":"2025-06-24T11:27:30","modified_gmt":"2025-06-24T15:27:30","slug":"nem-so-de-bibliotecas-vivem-os-bibliotecarios-l-biblioteca-e-a-essencia-do-nas","status":"publish","type":"post","link":"https:\/\/www.pedroandretta.info\/index\/2023\/06\/nem-so-de-bibliotecas-vivem-os-bibliotecarios-l-biblioteca-e-a-essencia-do-nas\/","title":{"rendered":"Nem s\u00f3 de bibliotecas vivem os bibliotec\u00e1rios l &#8220;Biblioteca \u00e9 a ess\u00eancia  do nas&#8230;"},"content":{"rendered":"<p>[ad_1]<br \/>\nNem s\u00f3 de bibliotecas vivem os bibliotec\u00e1rios l &#8220;Biblioteca \u00e9 a ess\u00eancia  do nascedouro da Biblioteconomia, mas nem s\u00f3 de bibliotecas vivem os  bibliotec\u00e1rios.&#8221; #Biblioteconomia via Leitura e Contexto <a href=\"https:\/\/leituraecontexto.blogspot.com\/2023\/06\/nem-so-de-bibliotecas-vivem-os.html\" target=\"_blank\" rel=\"noopener\">leituraecontexto.blogspot.com\/2023\/06\/nem-so\u2026<\/a><br \/>\n[ad_2]<br \/>\n<br \/>Acesse o item em: <a href=\"https:\/\/leituraecontexto.blogspot.com\/2023\/06\/nem-so-de-bibliotecas-vivem-os.html\">https:\/\/leituraecontexto.blogspot.com\/2023\/06\/nem-so-de-bibliotecas-vivem-os.html<\/a><\/p>\n","protected":false},"excerpt":{"rendered":"<p>[ad_1] Nem s\u00f3 de bibliotecas vivem os bibliotec\u00e1rios l &#8220;Biblioteca \u00e9 a ess\u00eancia do nascedouro da Biblioteconomia, mas nem s\u00f3 de bibliotecas vivem os bibliotec\u00e1rios.&#8221; #Biblioteconomia via Leitura e Contexto leituraecontexto.blogspot.com\/2023\/06\/nem-so\u2026 [ad_2] Acesse o item em: https:\/\/leituraecontexto.blogspot.com\/2023\/06\/nem-so-de-bibliotecas-vivem-os.html<\/p>\n","protected":false},"author":1,"featured_media":0,"comment_status":"open","ping_status":"open","sticky":false,"template":"","format":"standard","meta":{"_jetpack_memberships_contains_paid_content":false,"footnotes":"","jetpack_publicize_message":"","jetpack_publicize_feature_enabled":true,"jetpack_social_post_already_shared":true,"jetpack_social_options":{"image_generator_settings":{"template":"highway","default_image_id":0,"font":"","enabled":false},"version":2}},"categories":[21],"tags":[33],"class_list":["post-20458","post","type-post","status-publish","format-standard","hentry","category-informeci","tag-biblioteconomia"],"jetpack_publicize_connections":[],"jetpack_featured_media_url":"","views":"","jetpack_sharing_enabled":true,"_links":{"self":[{"href":"https:\/\/www.pedroandretta.info\/index\/wp-json\/wp\/v2\/posts\/20458","targetHints":{"allow":["GET"]}}],"collection":[{"href":"https:\/\/www.pedroandretta.info\/index\/wp-json\/wp\/v2\/posts"}],"about":[{"href":"https:\/\/www.pedroandretta.info\/index\/wp-json\/wp\/v2\/types\/post"}],"author":[{"embeddable":true,"href":"https:\/\/www.pedroandretta.info\/index\/wp-json\/wp\/v2\/users\/1"}],"replies":[{"embeddable":true,"href":"https:\/\/www.pedroandretta.info\/index\/wp-json\/wp\/v2\/comments?post=20458"}],"version-history":[{"count":0,"href":"https:\/\/www.pedroandretta.info\/index\/wp-json\/wp\/v2\/posts\/20458\/revisions"}],"wp:attachment":[{"href":"https:\/\/www.pedroandretta.info\/index\/wp-json\/wp\/v2\/media?parent=20458"}],"wp:term":[{"taxonomy":"category","embeddable":true,"href":"https:\/\/www.pedroandretta.info\/index\/wp-json\/wp\/v2\/categories?post=20458"},{"taxonomy":"post_tag","embeddable":true,"href":"https:\/\/www.pedroandretta.info\/index\/wp-json\/wp\/v2\/tags?post=20458"}],"curies":[{"name":"wp","href":"https:\/\/api.w.org\/{rel}","templated":true}]}}