{"id":20617,"date":"2023-07-04T16:31:39","date_gmt":"2023-07-04T20:31:39","guid":{"rendered":"https:\/\/www.pedroandretta.info\/index\/2023\/07\/04\/o-valor-da-liberdade-de-expressao-e-a-constituicao-federal-la-lei-do-marco-civi\/"},"modified":"2023-07-04T16:31:39","modified_gmt":"2023-07-04T20:31:39","slug":"o-valor-da-liberdade-de-expressao-e-a-constituicao-federal-la-lei-do-marco-civi","status":"publish","type":"post","link":"https:\/\/www.pedroandretta.info\/index\/2023\/07\/o-valor-da-liberdade-de-expressao-e-a-constituicao-federal-la-lei-do-marco-civi\/","title":{"rendered":"O valor da liberdade de express\u00e3o e a Constitui\u00e7\u00e3o Federal l&#8221;A lei do Marco Civi&#8230;"},"content":{"rendered":"<p>[ad_1]<br \/>\n<img data-recalc-dims=\"1\" decoding=\"async\" src=\"https:\/\/i0.wp.com\/jornal.unesp.br\/wp-content\/uploads\/2023\/07\/constituicaocapa3.jpg?w=696&#038;ssl=1\"\/><\/p>\n<p>O valor da liberdade de express\u00e3o e a Constitui\u00e7\u00e3o Federal l&#8221;A lei do Marco Civil da Internet garante a #LiberdadeDeExpress\u00e3o no seu art. 19, dizendo  que bloqueios \u00e0 internet devem se limitar a conte\u00fados il\u00edcitos&#8221;  via Jornal da UNESP <a href=\"https:\/\/jornal.unesp.br\/2023\/07\/04\/o-valor-da-liberdade-de-expressao-e-a-constituicao-federal\/\" target=\"_blank\" rel=\"noopener\">jornal.unesp.br\/2023\/07\/04\/o-v\u2026<\/a><br \/>\n[ad_2]<br \/>\n<br \/>Acesse o item em: <a href=\"https:\/\/jornal.unesp.br\/2023\/07\/04\/o-valor-da-liberdade-de-expressao-e-a-constituicao-federal\/\">https:\/\/jornal.unesp.br\/2023\/07\/04\/o-valor-da-liberdade-de-expressao-e-a-constituicao-federal\/<\/a><\/p>\n","protected":false},"excerpt":{"rendered":"<p>[ad_1] O valor da liberdade de express\u00e3o e a Constitui\u00e7\u00e3o Federal l&#8221;A lei do Marco Civil da Internet garante a #LiberdadeDeExpress\u00e3o no seu art. 19, dizendo que bloqueios \u00e0 internet devem se limitar a conte\u00fados il\u00edcitos&#8221; via Jornal da UNESP jornal.unesp.br\/2023\/07\/04\/o-v\u2026 [ad_2] Acesse o item em: https:\/\/jornal.unesp.br\/2023\/07\/04\/o-valor-da-liberdade-de-expressao-e-a-constituicao-federal\/<\/p>\n","protected":false},"author":1,"featured_media":20618,"comment_status":"open","ping_status":"open","sticky":false,"template":"","format":"standard","meta":{"_jetpack_memberships_contains_paid_content":false,"footnotes":"","jetpack_publicize_message":"","jetpack_publicize_feature_enabled":true,"jetpack_social_post_already_shared":true,"jetpack_social_options":{"image_generator_settings":{"template":"highway","default_image_id":0,"font":"","enabled":false},"version":2}},"categories":[21],"tags":[],"class_list":["post-20617","post","type-post","status-publish","format-standard","has-post-thumbnail","hentry","category-informeci"],"jetpack_publicize_connections":[],"jetpack_featured_media_url":"https:\/\/i0.wp.com\/www.pedroandretta.info\/index\/wp-content\/uploads\/2023\/07\/constituicaocapa3.jpg?fit=660%2C471&ssl=1","views":"","jetpack_sharing_enabled":true,"_links":{"self":[{"href":"https:\/\/www.pedroandretta.info\/index\/wp-json\/wp\/v2\/posts\/20617","targetHints":{"allow":["GET"]}}],"collection":[{"href":"https:\/\/www.pedroandretta.info\/index\/wp-json\/wp\/v2\/posts"}],"about":[{"href":"https:\/\/www.pedroandretta.info\/index\/wp-json\/wp\/v2\/types\/post"}],"author":[{"embeddable":true,"href":"https:\/\/www.pedroandretta.info\/index\/wp-json\/wp\/v2\/users\/1"}],"replies":[{"embeddable":true,"href":"https:\/\/www.pedroandretta.info\/index\/wp-json\/wp\/v2\/comments?post=20617"}],"version-history":[{"count":0,"href":"https:\/\/www.pedroandretta.info\/index\/wp-json\/wp\/v2\/posts\/20617\/revisions"}],"wp:featuredmedia":[{"embeddable":true,"href":"https:\/\/www.pedroandretta.info\/index\/wp-json\/wp\/v2\/media\/20618"}],"wp:attachment":[{"href":"https:\/\/www.pedroandretta.info\/index\/wp-json\/wp\/v2\/media?parent=20617"}],"wp:term":[{"taxonomy":"category","embeddable":true,"href":"https:\/\/www.pedroandretta.info\/index\/wp-json\/wp\/v2\/categories?post=20617"},{"taxonomy":"post_tag","embeddable":true,"href":"https:\/\/www.pedroandretta.info\/index\/wp-json\/wp\/v2\/tags?post=20617"}],"curies":[{"name":"wp","href":"https:\/\/api.w.org\/{rel}","templated":true}]}}