{"id":20626,"date":"2023-07-04T16:34:09","date_gmt":"2023-07-04T20:34:09","guid":{"rendered":"https:\/\/www.pedroandretta.info\/index\/2023\/07\/04\/taxas-de-conclusao-e-evasao-no-doutorado-l-a-pandemia-comecou-a-impact\/"},"modified":"2023-07-04T16:34:09","modified_gmt":"2023-07-04T20:34:09","slug":"taxas-de-conclusao-e-evasao-no-doutorado-l-a-pandemia-comecou-a-impact","status":"publish","type":"post","link":"https:\/\/www.pedroandretta.info\/index\/2023\/07\/taxas-de-conclusao-e-evasao-no-doutorado-l-a-pandemia-comecou-a-impact\/","title":{"rendered":"Taxas de conclus\u00e3o e evas\u00e3o no doutorado&#8230; l &#8220;[&#8230;] a pandemia come\u00e7ou a impact&#8230;"},"content":{"rendered":"<p>[ad_1]<br \/>\nTaxas de conclus\u00e3o e evas\u00e3o no doutorado&#8230; l &#8220;[&#8230;] a pandemia come\u00e7ou a impactar negativamente o n\u00famero de titulados de  turmas recentes, mas n\u00e3o h\u00e1 evid\u00eancias de aumento expressivo das evas\u00f5es [&#8230;]&#8221; #P\u00f3sGradua\u00e7\u00e3o via Revista Pesquisa Fapesp <a href=\"https:\/\/revistapesquisa.fapesp.br\/taxas-de-conclusao-e-evasao-no-doutorado-e-os-efeitos-da-pandemia\/\" target=\"_blank\" rel=\"noopener\">revistapesquisa.fapesp.br\/taxas-de-concl\u2026<\/a><br \/>\n[ad_2]<br \/>\n<br \/>Acesse o item em: <a href=\"https:\/\/revistapesquisa.fapesp.br\/taxas-de-conclusao-e-evasao-no-doutorado-e-os-efeitos-da-pandemia\/\">https:\/\/revistapesquisa.fapesp.br\/taxas-de-conclusao-e-evasao-no-doutorado-e-os-efeitos-da-pandemia\/<\/a><\/p>\n","protected":false},"excerpt":{"rendered":"<p>[ad_1] Taxas de conclus\u00e3o e evas\u00e3o no doutorado&#8230; l &#8220;[&#8230;] a pandemia come\u00e7ou a impactar negativamente o n\u00famero de titulados de turmas recentes, mas n\u00e3o h\u00e1 evid\u00eancias de aumento expressivo das evas\u00f5es [&#8230;]&#8221; #P\u00f3sGradua\u00e7\u00e3o via Revista Pesquisa Fapesp revistapesquisa.fapesp.br\/taxas-de-concl\u2026 [ad_2] Acesse o item em: https:\/\/revistapesquisa.fapesp.br\/taxas-de-conclusao-e-evasao-no-doutorado-e-os-efeitos-da-pandemia\/<\/p>\n","protected":false},"author":1,"featured_media":0,"comment_status":"open","ping_status":"open","sticky":false,"template":"","format":"standard","meta":{"_jetpack_memberships_contains_paid_content":false,"footnotes":"","jetpack_publicize_message":"","jetpack_publicize_feature_enabled":true,"jetpack_social_post_already_shared":true,"jetpack_social_options":{"image_generator_settings":{"template":"highway","default_image_id":0,"font":"","enabled":false},"version":2}},"categories":[21],"tags":[],"class_list":["post-20626","post","type-post","status-publish","format-standard","hentry","category-informeci"],"jetpack_publicize_connections":[],"jetpack_featured_media_url":"","views":"","jetpack_sharing_enabled":true,"_links":{"self":[{"href":"https:\/\/www.pedroandretta.info\/index\/wp-json\/wp\/v2\/posts\/20626","targetHints":{"allow":["GET"]}}],"collection":[{"href":"https:\/\/www.pedroandretta.info\/index\/wp-json\/wp\/v2\/posts"}],"about":[{"href":"https:\/\/www.pedroandretta.info\/index\/wp-json\/wp\/v2\/types\/post"}],"author":[{"embeddable":true,"href":"https:\/\/www.pedroandretta.info\/index\/wp-json\/wp\/v2\/users\/1"}],"replies":[{"embeddable":true,"href":"https:\/\/www.pedroandretta.info\/index\/wp-json\/wp\/v2\/comments?post=20626"}],"version-history":[{"count":0,"href":"https:\/\/www.pedroandretta.info\/index\/wp-json\/wp\/v2\/posts\/20626\/revisions"}],"wp:attachment":[{"href":"https:\/\/www.pedroandretta.info\/index\/wp-json\/wp\/v2\/media?parent=20626"}],"wp:term":[{"taxonomy":"category","embeddable":true,"href":"https:\/\/www.pedroandretta.info\/index\/wp-json\/wp\/v2\/categories?post=20626"},{"taxonomy":"post_tag","embeddable":true,"href":"https:\/\/www.pedroandretta.info\/index\/wp-json\/wp\/v2\/tags?post=20626"}],"curies":[{"name":"wp","href":"https:\/\/api.w.org\/{rel}","templated":true}]}}