{"id":21018,"date":"2023-08-10T18:45:20","date_gmt":"2023-08-10T22:45:20","guid":{"rendered":"https:\/\/www.pedroandretta.info\/index\/2023\/08\/10\/entre-o-apagamento-da-memoria-e-a-reescrita-da-historia-a-desinformacao-acerca\/"},"modified":"2023-08-10T18:45:20","modified_gmt":"2023-08-10T22:45:20","slug":"entre-o-apagamento-da-memoria-e-a-reescrita-da-historia-a-desinformacao-acerca","status":"publish","type":"post","link":"https:\/\/www.pedroandretta.info\/index\/2023\/08\/entre-o-apagamento-da-memoria-e-a-reescrita-da-historia-a-desinformacao-acerca\/","title":{"rendered":"Entre o apagamento da mem\u00f3ria e a reescrita da hist\u00f3ria: a desinforma\u00e7\u00e3o acerca &#8230;"},"content":{"rendered":"<p>[ad_1]<br \/>\n<img data-recalc-dims=\"1\" decoding=\"async\" src=\"https:\/\/i0.wp.com\/pbs.twimg.com\/media\/F3NEyvLXEAAwNw1.jpg?w=696&#038;ssl=1\" \/><\/p>\n<p>Entre o apagamento da mem\u00f3ria e a reescrita da hist\u00f3ria: a desinforma\u00e7\u00e3o acerca da escravid\u00e3o no Brasil l \u201cNo Brasil, alguns acontecimentos marcaram tamb\u00e9m a perda parcial da mem\u00f3ria nacional de parte do povo brasileiro\u201d #Mem\u00f3ria #Desinforma\u00e7\u00e3o #Escravid\u00e3o <a target=\"_blank\" href=\"https:\/\/revistas.ufrj.br\/index.php\/rca\/article\/view\/59349\" rel=\"noopener\">revistas.ufrj.br\/index.php\/rca\/\u2026<\/a> <a target=\"_blank\" href=\"https:\/\/twitter.com\/pedroisandretta\/status\/1689769932442021889\/photo\/1\" rel=\"noopener\">pic.twitter.com\/D3je2haN9W<\/a><br \/>\n[ad_2]<br \/>\n<br \/>Acesse o item em: <a href=\"https:\/\/revistas.ufrj.br\/index.php\/rca\/article\/view\/59349\">https:\/\/revistas.ufrj.br\/index.php\/rca\/article\/view\/59349<\/a><\/p>\n","protected":false},"excerpt":{"rendered":"<p>[ad_1] Entre o apagamento da mem\u00f3ria e a reescrita da hist\u00f3ria: a desinforma\u00e7\u00e3o acerca da escravid\u00e3o no Brasil l \u201cNo Brasil, alguns acontecimentos marcaram tamb\u00e9m a perda parcial da mem\u00f3ria nacional de parte do povo brasileiro\u201d #Mem\u00f3ria #Desinforma\u00e7\u00e3o #Escravid\u00e3o revistas.ufrj.br\/index.php\/rca\/\u2026 pic.twitter.com\/D3je2haN9W [ad_2] Acesse o item em: https:\/\/revistas.ufrj.br\/index.php\/rca\/article\/view\/59349<\/p>\n","protected":false},"author":1,"featured_media":21019,"comment_status":"open","ping_status":"open","sticky":false,"template":"","format":"standard","meta":{"_jetpack_newsletter_access":"","_jetpack_dont_email_post_to_subs":false,"_jetpack_newsletter_tier_id":0,"_jetpack_memberships_contains_paywalled_content":false,"_jetpack_feature_clip_id":0,"_jetpack_memberships_contains_paid_content":false,"footnotes":"","jetpack_publicize_message":"","jetpack_publicize_feature_enabled":true,"jetpack_social_post_already_shared":true,"jetpack_social_options":{"image_generator_settings":{"template":"highway","default_image_id":0,"font":"","enabled":false},"version":2},"jetpack_post_was_ever_published":false},"categories":[21],"tags":[],"class_list":["post-21018","post","type-post","status-publish","format-standard","has-post-thumbnail","hentry","category-informeci"],"jetpack_publicize_connections":[],"jetpack_featured_media_url":"https:\/\/i0.wp.com\/www.pedroandretta.info\/index\/wp-content\/uploads\/2023\/08\/F3NEyvLXEAAwNw1.jpg?fit=545%2C895&ssl=1","views":"","jetpack_sharing_enabled":true,"_links":{"self":[{"href":"https:\/\/www.pedroandretta.info\/index\/wp-json\/wp\/v2\/posts\/21018","targetHints":{"allow":["GET"]}}],"collection":[{"href":"https:\/\/www.pedroandretta.info\/index\/wp-json\/wp\/v2\/posts"}],"about":[{"href":"https:\/\/www.pedroandretta.info\/index\/wp-json\/wp\/v2\/types\/post"}],"author":[{"embeddable":true,"href":"https:\/\/www.pedroandretta.info\/index\/wp-json\/wp\/v2\/users\/1"}],"replies":[{"embeddable":true,"href":"https:\/\/www.pedroandretta.info\/index\/wp-json\/wp\/v2\/comments?post=21018"}],"version-history":[{"count":0,"href":"https:\/\/www.pedroandretta.info\/index\/wp-json\/wp\/v2\/posts\/21018\/revisions"}],"wp:featuredmedia":[{"embeddable":true,"href":"https:\/\/www.pedroandretta.info\/index\/wp-json\/wp\/v2\/media\/21019"}],"wp:attachment":[{"href":"https:\/\/www.pedroandretta.info\/index\/wp-json\/wp\/v2\/media?parent=21018"}],"wp:term":[{"taxonomy":"category","embeddable":true,"href":"https:\/\/www.pedroandretta.info\/index\/wp-json\/wp\/v2\/categories?post=21018"},{"taxonomy":"post_tag","embeddable":true,"href":"https:\/\/www.pedroandretta.info\/index\/wp-json\/wp\/v2\/tags?post=21018"}],"curies":[{"name":"wp","href":"https:\/\/api.w.org\/{rel}","templated":true}]}}