{"id":21034,"date":"2023-08-12T13:53:00","date_gmt":"2023-08-12T17:53:00","guid":{"rendered":"https:\/\/www.pedroandretta.info\/index\/2023\/08\/12\/como-serao-os-livros-que-tarcisio-quer-entregar-as-escolas-l-secretaria-de-educ\/"},"modified":"2023-08-12T13:53:00","modified_gmt":"2023-08-12T17:53:00","slug":"como-serao-os-livros-que-tarcisio-quer-entregar-as-escolas-l-secretaria-de-educ","status":"publish","type":"post","link":"https:\/\/www.pedroandretta.info\/index\/2023\/08\/como-serao-os-livros-que-tarcisio-quer-entregar-as-escolas-l-secretaria-de-educ\/","title":{"rendered":"Como ser\u00e3o os livros que Tarc\u00edsio quer entregar \u00e0s escolas l \u201cSecretaria de Educ&#8230;"},"content":{"rendered":"<p>[ad_1]<br \/>\n<img data-recalc-dims=\"1\" decoding=\"async\" src=\"https:\/\/i0.wp.com\/f.i.uol.com.br\/fotografia\/2022\/08\/17\/166076538362fd44c77a92a_1660765383_3x2_rt.jpg?w=696&#038;ssl=1\"\/><\/p>\n<p>Como ser\u00e3o os livros que Tarc\u00edsio quer entregar \u00e0s escolas l \u201cSecretaria de Educa\u00e7\u00e3o dispensou material did\u00e1tico do MEC e vai imprimir o seu pr\u00f3prio para a rede estadual de SP\u201d. #PNLD #LivroDid\u00e1tico #SP via Folha <a target=\"_blank\" href=\"https:\/\/www1.folha.uol.com.br\/educacao\/2023\/08\/entenda-como-serao-os-livros-que-o-governo-tarcisio-quer-entregar-as-escolas.shtml\" rel=\"noopener\">www1.folha.uol.com.br\/educacao\/2023\/\u2026<\/a><br \/>\n[ad_2]<br \/>\n<br \/>Acesse o item em: <a href=\"https:\/\/www1.folha.uol.com.br\/educacao\/2023\/08\/entenda-como-serao-os-livros-que-o-governo-tarcisio-quer-entregar-as-escolas.shtml\">https:\/\/www1.folha.uol.com.br\/educacao\/2023\/08\/entenda-como-serao-os-livros-que-o-governo-tarcisio-quer-entregar-as-escolas.shtml<\/a><\/p>\n","protected":false},"excerpt":{"rendered":"<p>[ad_1] Como ser\u00e3o os livros que Tarc\u00edsio quer entregar \u00e0s escolas l \u201cSecretaria de Educa\u00e7\u00e3o dispensou material did\u00e1tico do MEC e vai imprimir o seu pr\u00f3prio para a rede estadual de SP\u201d. #PNLD #LivroDid\u00e1tico #SP via Folha www1.folha.uol.com.br\/educacao\/2023\/\u2026 [ad_2] Acesse o item em: https:\/\/www1.folha.uol.com.br\/educacao\/2023\/08\/entenda-como-serao-os-livros-que-o-governo-tarcisio-quer-entregar-as-escolas.shtml<\/p>\n","protected":false},"author":1,"featured_media":21035,"comment_status":"open","ping_status":"open","sticky":false,"template":"","format":"standard","meta":{"_jetpack_newsletter_access":"","_jetpack_dont_email_post_to_subs":false,"_jetpack_newsletter_tier_id":0,"_jetpack_memberships_contains_paywalled_content":false,"_jetpack_feature_clip_id":0,"_jetpack_memberships_contains_paid_content":false,"footnotes":"","jetpack_publicize_message":"","jetpack_publicize_feature_enabled":true,"jetpack_social_post_already_shared":true,"jetpack_social_options":{"image_generator_settings":{"template":"highway","default_image_id":0,"font":"","enabled":false},"version":2},"jetpack_post_was_ever_published":false},"categories":[21],"tags":[],"class_list":["post-21034","post","type-post","status-publish","format-standard","has-post-thumbnail","hentry","category-informeci"],"jetpack_publicize_connections":[],"jetpack_featured_media_url":"https:\/\/i0.wp.com\/www.pedroandretta.info\/index\/wp-content\/uploads\/2023\/08\/166076538362fd44c77a92a_1660765383_3x2_rt.jpg?fit=2400%2C1600&ssl=1","views":"","jetpack_sharing_enabled":true,"_links":{"self":[{"href":"https:\/\/www.pedroandretta.info\/index\/wp-json\/wp\/v2\/posts\/21034","targetHints":{"allow":["GET"]}}],"collection":[{"href":"https:\/\/www.pedroandretta.info\/index\/wp-json\/wp\/v2\/posts"}],"about":[{"href":"https:\/\/www.pedroandretta.info\/index\/wp-json\/wp\/v2\/types\/post"}],"author":[{"embeddable":true,"href":"https:\/\/www.pedroandretta.info\/index\/wp-json\/wp\/v2\/users\/1"}],"replies":[{"embeddable":true,"href":"https:\/\/www.pedroandretta.info\/index\/wp-json\/wp\/v2\/comments?post=21034"}],"version-history":[{"count":0,"href":"https:\/\/www.pedroandretta.info\/index\/wp-json\/wp\/v2\/posts\/21034\/revisions"}],"wp:featuredmedia":[{"embeddable":true,"href":"https:\/\/www.pedroandretta.info\/index\/wp-json\/wp\/v2\/media\/21035"}],"wp:attachment":[{"href":"https:\/\/www.pedroandretta.info\/index\/wp-json\/wp\/v2\/media?parent=21034"}],"wp:term":[{"taxonomy":"category","embeddable":true,"href":"https:\/\/www.pedroandretta.info\/index\/wp-json\/wp\/v2\/categories?post=21034"},{"taxonomy":"post_tag","embeddable":true,"href":"https:\/\/www.pedroandretta.info\/index\/wp-json\/wp\/v2\/tags?post=21034"}],"curies":[{"name":"wp","href":"https:\/\/api.w.org\/{rel}","templated":true}]}}