{"id":21036,"date":"2023-08-12T15:44:33","date_gmt":"2023-08-12T19:44:33","guid":{"rendered":"https:\/\/www.pedroandretta.info\/index\/2023\/08\/12\/a-unesco-e-a-protecao-do-patrimonio-cultural-o-caso-da-siria-l-o-patrimon\/"},"modified":"2023-08-12T15:44:33","modified_gmt":"2023-08-12T19:44:33","slug":"a-unesco-e-a-protecao-do-patrimonio-cultural-o-caso-da-siria-l-o-patrimon","status":"publish","type":"post","link":"https:\/\/www.pedroandretta.info\/index\/2023\/08\/a-unesco-e-a-protecao-do-patrimonio-cultural-o-caso-da-siria-l-o-patrimon\/","title":{"rendered":"A UNESCO e a prote\u00e7\u00e3o do patrim\u00f4nio cultural. O caso da S\u00edria\u2026 l \u201c[\u2026] o patrim\u00f4n&#8230;"},"content":{"rendered":"<p>[ad_1]<br \/>\n<img data-recalc-dims=\"1\" decoding=\"async\" src=\"https:\/\/i0.wp.com\/pbs.twimg.com\/media\/F3WumGeWEAASuQJ.jpg?w=696&#038;ssl=1\" \/><\/p>\n<p>A UNESCO e a prote\u00e7\u00e3o do patrim\u00f4nio cultural. O caso da S\u00edria\u2026 l \u201c[\u2026] o patrim\u00f4nio cultural \u00e9 uma arma pol\u00edtica usada por diversas institui\u00e7\u00f5es, entre as quais, n\u00e3o \u00e9 exce\u00e7\u00e3o a UNESCO, para alcan\u00e7ar o fim pol\u00edtico desejado [\u2026]\u201d #Patrim\u00f4nioCultural <a target=\"_blank\" href=\"https:\/\/repositorio-aberto.up.pt\/handle\/10216\/152043\" rel=\"noopener\">repositorio-aberto.up.pt\/handle\/10216\/1\u2026<\/a> <a target=\"_blank\" href=\"https:\/\/twitter.com\/pedroisandretta\/status\/1690449211744002048\/photo\/1\" rel=\"noopener\">pic.twitter.com\/evERfFlFl3<\/a><br \/>\n[ad_2]<br \/>\n<br \/>Acesse o item em: <a href=\"https:\/\/repositorio-aberto.up.pt\/handle\/10216\/152043\">https:\/\/repositorio-aberto.up.pt\/handle\/10216\/152043<\/a><\/p>\n","protected":false},"excerpt":{"rendered":"<p>[ad_1] A UNESCO e a prote\u00e7\u00e3o do patrim\u00f4nio cultural. O caso da S\u00edria\u2026 l \u201c[\u2026] o patrim\u00f4nio cultural \u00e9 uma arma pol\u00edtica usada por diversas institui\u00e7\u00f5es, entre as quais, n\u00e3o \u00e9 exce\u00e7\u00e3o a UNESCO, para alcan\u00e7ar o fim pol\u00edtico desejado [\u2026]\u201d #Patrim\u00f4nioCultural repositorio-aberto.up.pt\/handle\/10216\/1\u2026 pic.twitter.com\/evERfFlFl3 [ad_2] Acesse o item em: https:\/\/repositorio-aberto.up.pt\/handle\/10216\/152043<\/p>\n","protected":false},"author":1,"featured_media":21037,"comment_status":"open","ping_status":"open","sticky":false,"template":"","format":"standard","meta":{"_jetpack_newsletter_access":"","_jetpack_dont_email_post_to_subs":false,"_jetpack_newsletter_tier_id":0,"_jetpack_memberships_contains_paywalled_content":false,"_jetpack_feature_clip_id":0,"_jetpack_memberships_contains_paid_content":false,"footnotes":"","jetpack_publicize_message":"","jetpack_publicize_feature_enabled":true,"jetpack_social_post_already_shared":true,"jetpack_social_options":{"image_generator_settings":{"template":"highway","default_image_id":0,"font":"","enabled":false},"version":2},"jetpack_post_was_ever_published":false},"categories":[21],"tags":[],"class_list":["post-21036","post","type-post","status-publish","format-standard","has-post-thumbnail","hentry","category-informeci"],"jetpack_publicize_connections":[],"jetpack_featured_media_url":"https:\/\/i0.wp.com\/www.pedroandretta.info\/index\/wp-content\/uploads\/2023\/08\/F3WumGeWEAASuQJ.jpg?fit=640%2C887&ssl=1","views":"","jetpack_sharing_enabled":true,"_links":{"self":[{"href":"https:\/\/www.pedroandretta.info\/index\/wp-json\/wp\/v2\/posts\/21036","targetHints":{"allow":["GET"]}}],"collection":[{"href":"https:\/\/www.pedroandretta.info\/index\/wp-json\/wp\/v2\/posts"}],"about":[{"href":"https:\/\/www.pedroandretta.info\/index\/wp-json\/wp\/v2\/types\/post"}],"author":[{"embeddable":true,"href":"https:\/\/www.pedroandretta.info\/index\/wp-json\/wp\/v2\/users\/1"}],"replies":[{"embeddable":true,"href":"https:\/\/www.pedroandretta.info\/index\/wp-json\/wp\/v2\/comments?post=21036"}],"version-history":[{"count":0,"href":"https:\/\/www.pedroandretta.info\/index\/wp-json\/wp\/v2\/posts\/21036\/revisions"}],"wp:featuredmedia":[{"embeddable":true,"href":"https:\/\/www.pedroandretta.info\/index\/wp-json\/wp\/v2\/media\/21037"}],"wp:attachment":[{"href":"https:\/\/www.pedroandretta.info\/index\/wp-json\/wp\/v2\/media?parent=21036"}],"wp:term":[{"taxonomy":"category","embeddable":true,"href":"https:\/\/www.pedroandretta.info\/index\/wp-json\/wp\/v2\/categories?post=21036"},{"taxonomy":"post_tag","embeddable":true,"href":"https:\/\/www.pedroandretta.info\/index\/wp-json\/wp\/v2\/tags?post=21036"}],"curies":[{"name":"wp","href":"https:\/\/api.w.org\/{rel}","templated":true}]}}