{"id":21212,"date":"2023-08-31T15:12:28","date_gmt":"2023-08-31T19:12:28","guid":{"rendered":"https:\/\/www.pedroandretta.info\/index\/2023\/08\/31\/e-melhor-ter-um-emprego-que-nao-vai-desaparecer-para-a-ia-diz-o-filosofo-luc-fe\/"},"modified":"2023-08-31T15:12:28","modified_gmt":"2023-08-31T19:12:28","slug":"e-melhor-ter-um-emprego-que-nao-vai-desaparecer-para-a-ia-diz-o-filosofo-luc-fe","status":"publish","type":"post","link":"https:\/\/www.pedroandretta.info\/index\/2023\/08\/e-melhor-ter-um-emprego-que-nao-vai-desaparecer-para-a-ia-diz-o-filosofo-luc-fe\/","title":{"rendered":"\u00c9 melhor ter um emprego que n\u00e3o vai desaparecer para a IA, diz o fil\u00f3sofo Luc Fe&#8230;"},"content":{"rendered":"<p>[ad_1]<br \/>\n<img data-recalc-dims=\"1\" decoding=\"async\" src=\"https:\/\/i0.wp.com\/f.i.uol.com.br\/fotografia\/2022\/08\/07\/165990437362f02175bcb78_1659904373_3x2_rt.jpg?w=696&#038;ssl=1\"\/><\/p>\n<p>\u00c9 melhor ter um emprego que n\u00e3o vai desaparecer para a IA, diz o fil\u00f3sofo Luc Ferry l &#8220;Cerca de 300 milh\u00f5es de empregos v\u00e3o desaparecer por causa da  intelig\u00eancia artificial, e o mundo passar\u00e1 por um desemprego maci\u00e7o&#8221; #IA #Trabalho via Folha <a target=\"_blank\" href=\"https:\/\/www1.folha.uol.com.br\/ilustrada\/2023\/08\/e-melhor-ter-um-emprego-que-nao-vai-desaparecer-para-a-ia-diz-o-filosofo-luc-ferry.shtml\" rel=\"noopener\">www1.folha.uol.com.br\/ilustrada\/2023\u2026<\/a><br \/>\n[ad_2]<br \/>\n<br \/>Acesse o item em: <a href=\"https:\/\/www1.folha.uol.com.br\/ilustrada\/2023\/08\/e-melhor-ter-um-emprego-que-nao-vai-desaparecer-para-a-ia-diz-o-filosofo-luc-ferry.shtml\">https:\/\/www1.folha.uol.com.br\/ilustrada\/2023\/08\/e-melhor-ter-um-emprego-que-nao-vai-desaparecer-para-a-ia-diz-o-filosofo-luc-ferry.shtml<\/a><\/p>\n","protected":false},"excerpt":{"rendered":"<p>[ad_1] \u00c9 melhor ter um emprego que n\u00e3o vai desaparecer para a IA, diz o fil\u00f3sofo Luc Ferry l &#8220;Cerca de 300 milh\u00f5es de empregos v\u00e3o desaparecer por causa da intelig\u00eancia artificial, e o mundo passar\u00e1 por um desemprego maci\u00e7o&#8221; #IA #Trabalho via Folha www1.folha.uol.com.br\/ilustrada\/2023\u2026 [ad_2] Acesse o item em: https:\/\/www1.folha.uol.com.br\/ilustrada\/2023\/08\/e-melhor-ter-um-emprego-que-nao-vai-desaparecer-para-a-ia-diz-o-filosofo-luc-ferry.shtml<\/p>\n","protected":false},"author":1,"featured_media":21213,"comment_status":"open","ping_status":"open","sticky":false,"template":"","format":"standard","meta":{"_jetpack_memberships_contains_paid_content":false,"footnotes":"","jetpack_publicize_message":"","jetpack_publicize_feature_enabled":true,"jetpack_social_post_already_shared":true,"jetpack_social_options":{"image_generator_settings":{"template":"highway","default_image_id":0,"font":"","enabled":false},"version":2}},"categories":[21],"tags":[],"class_list":["post-21212","post","type-post","status-publish","format-standard","has-post-thumbnail","hentry","category-informeci"],"jetpack_publicize_connections":[],"jetpack_featured_media_url":"https:\/\/i0.wp.com\/www.pedroandretta.info\/index\/wp-content\/uploads\/2023\/08\/165990437362f02175bcb78_1659904373_3x2_rt.jpg?fit=2400%2C1600&ssl=1","views":"","jetpack_sharing_enabled":true,"_links":{"self":[{"href":"https:\/\/www.pedroandretta.info\/index\/wp-json\/wp\/v2\/posts\/21212","targetHints":{"allow":["GET"]}}],"collection":[{"href":"https:\/\/www.pedroandretta.info\/index\/wp-json\/wp\/v2\/posts"}],"about":[{"href":"https:\/\/www.pedroandretta.info\/index\/wp-json\/wp\/v2\/types\/post"}],"author":[{"embeddable":true,"href":"https:\/\/www.pedroandretta.info\/index\/wp-json\/wp\/v2\/users\/1"}],"replies":[{"embeddable":true,"href":"https:\/\/www.pedroandretta.info\/index\/wp-json\/wp\/v2\/comments?post=21212"}],"version-history":[{"count":0,"href":"https:\/\/www.pedroandretta.info\/index\/wp-json\/wp\/v2\/posts\/21212\/revisions"}],"wp:featuredmedia":[{"embeddable":true,"href":"https:\/\/www.pedroandretta.info\/index\/wp-json\/wp\/v2\/media\/21213"}],"wp:attachment":[{"href":"https:\/\/www.pedroandretta.info\/index\/wp-json\/wp\/v2\/media?parent=21212"}],"wp:term":[{"taxonomy":"category","embeddable":true,"href":"https:\/\/www.pedroandretta.info\/index\/wp-json\/wp\/v2\/categories?post=21212"},{"taxonomy":"post_tag","embeddable":true,"href":"https:\/\/www.pedroandretta.info\/index\/wp-json\/wp\/v2\/tags?post=21212"}],"curies":[{"name":"wp","href":"https:\/\/api.w.org\/{rel}","templated":true}]}}