{"id":21221,"date":"2023-08-31T15:36:52","date_gmt":"2023-08-31T19:36:52","guid":{"rendered":"https:\/\/www.pedroandretta.info\/index\/2023\/08\/31\/a-biblioteca-sustentavel-l-o-estudo-abre-espaco-para-reflexoes-retrosp\/"},"modified":"2023-08-31T15:36:52","modified_gmt":"2023-08-31T19:36:52","slug":"a-biblioteca-sustentavel-l-o-estudo-abre-espaco-para-reflexoes-retrosp","status":"publish","type":"post","link":"https:\/\/www.pedroandretta.info\/index\/2023\/08\/a-biblioteca-sustentavel-l-o-estudo-abre-espaco-para-reflexoes-retrosp\/","title":{"rendered":"A Biblioteca Sustent\u00e1vel&#8230; l &#8220;[&#8230;] o estudo abre espa\u00e7o para reflex\u00f5es retrosp&#8230;"},"content":{"rendered":"<p>[ad_1]<br \/>\nA Biblioteca Sustent\u00e1vel&#8230; l &#8220;[&#8230;] o estudo abre espa\u00e7o para reflex\u00f5es retrospectivas sobre o papel e a responsabilidade das bibliotecas p\u00fablicas e iniciativas de compartilhamento na agenda de sustentabilidade.&#8221; #BibliotecasP\u00fablicas #Agenda2030  <a target=\"_blank\" href=\"https:\/\/doi.org\/10.1177\/09610006231190131\" rel=\"noopener\">doi.org\/10.1177\/096100\u2026<\/a><br \/>\n[ad_2]<br \/>\n<br \/>Acesse o item em: <a href=\"https:\/\/doi.org\/10.1177\/09610006231190131\">https:\/\/doi.org\/10.1177\/09610006231190131<\/a><\/p>\n","protected":false},"excerpt":{"rendered":"<p>[ad_1] A Biblioteca Sustent\u00e1vel&#8230; l &#8220;[&#8230;] o estudo abre espa\u00e7o para reflex\u00f5es retrospectivas sobre o papel e a responsabilidade das bibliotecas p\u00fablicas e iniciativas de compartilhamento na agenda de sustentabilidade.&#8221; #BibliotecasP\u00fablicas #Agenda2030 doi.org\/10.1177\/096100\u2026 [ad_2] Acesse o item em: https:\/\/doi.org\/10.1177\/09610006231190131<\/p>\n","protected":false},"author":1,"featured_media":0,"comment_status":"open","ping_status":"open","sticky":false,"template":"","format":"standard","meta":{"_jetpack_memberships_contains_paid_content":false,"footnotes":"","jetpack_publicize_message":"","jetpack_publicize_feature_enabled":true,"jetpack_social_post_already_shared":true,"jetpack_social_options":{"image_generator_settings":{"template":"highway","default_image_id":0,"font":"","enabled":false},"version":2}},"categories":[21],"tags":[],"class_list":["post-21221","post","type-post","status-publish","format-standard","hentry","category-informeci"],"jetpack_publicize_connections":[],"jetpack_featured_media_url":"","views":"","jetpack_sharing_enabled":true,"_links":{"self":[{"href":"https:\/\/www.pedroandretta.info\/index\/wp-json\/wp\/v2\/posts\/21221","targetHints":{"allow":["GET"]}}],"collection":[{"href":"https:\/\/www.pedroandretta.info\/index\/wp-json\/wp\/v2\/posts"}],"about":[{"href":"https:\/\/www.pedroandretta.info\/index\/wp-json\/wp\/v2\/types\/post"}],"author":[{"embeddable":true,"href":"https:\/\/www.pedroandretta.info\/index\/wp-json\/wp\/v2\/users\/1"}],"replies":[{"embeddable":true,"href":"https:\/\/www.pedroandretta.info\/index\/wp-json\/wp\/v2\/comments?post=21221"}],"version-history":[{"count":0,"href":"https:\/\/www.pedroandretta.info\/index\/wp-json\/wp\/v2\/posts\/21221\/revisions"}],"wp:attachment":[{"href":"https:\/\/www.pedroandretta.info\/index\/wp-json\/wp\/v2\/media?parent=21221"}],"wp:term":[{"taxonomy":"category","embeddable":true,"href":"https:\/\/www.pedroandretta.info\/index\/wp-json\/wp\/v2\/categories?post=21221"},{"taxonomy":"post_tag","embeddable":true,"href":"https:\/\/www.pedroandretta.info\/index\/wp-json\/wp\/v2\/tags?post=21221"}],"curies":[{"name":"wp","href":"https:\/\/api.w.org\/{rel}","templated":true}]}}