{"id":21249,"date":"2023-09-04T17:03:34","date_gmt":"2023-09-04T21:03:34","guid":{"rendered":"https:\/\/www.pedroandretta.info\/index\/2023\/09\/04\/google-faz-25-anos-ia-e-ameaca-e-esperanca-para-a-companhia-lpraticamente-tud\/"},"modified":"2023-09-04T17:03:34","modified_gmt":"2023-09-04T21:03:34","slug":"google-faz-25-anos-ia-e-ameaca-e-esperanca-para-a-companhia-lpraticamente-tud","status":"publish","type":"post","link":"https:\/\/www.pedroandretta.info\/index\/2023\/09\/google-faz-25-anos-ia-e-ameaca-e-esperanca-para-a-companhia-lpraticamente-tud\/","title":{"rendered":"#Google faz 25 anos: IA \u00e9 amea\u00e7a e esperan\u00e7a para a companhia l\u201cPraticamente tud&#8230;"},"content":{"rendered":"<p>[ad_1]<br \/>\n<img data-recalc-dims=\"1\" height=\"418\" width=\"696\" decoding=\"async\" src=\"https:\/\/i0.wp.com\/gizmodo.uol.com.br\/wp-content\/blogs.dir\/8\/files\/2023\/02\/bard-google-1000x600.jpg?resize=696%2C418&#038;ssl=1\"\/><\/p>\n<p>#Google faz 25 anos: IA \u00e9 amea\u00e7a e esperan\u00e7a para a companhia l\u201cPraticamente tudo o que fazemos online, da pesquisa de um produto \u00e0 conex\u00e3o com servi\u00e7os (sem falar no revolucionamento da publicidade), tem as m\u00e3os de algum engenheiro do Google.\u201d via Gizmodo <a target=\"_blank\" href=\"https:\/\/gizmodo.uol.com.br\/google-faz-25-anos-ia-e-ameaca-e-esperanca-para-a-companhia\/\" rel=\"noopener\">gizmodo.uol.com.br\/google-faz-25-\u2026<\/a><br \/>\n[ad_2]<br \/>\n<br \/>Acesse o item em: <a href=\"https:\/\/gizmodo.uol.com.br\/google-faz-25-anos-ia-e-ameaca-e-esperanca-para-a-companhia\/\">https:\/\/gizmodo.uol.com.br\/google-faz-25-anos-ia-e-ameaca-e-esperanca-para-a-companhia\/<\/a><\/p>\n","protected":false},"excerpt":{"rendered":"<p>[ad_1] #Google faz 25 anos: IA \u00e9 amea\u00e7a e esperan\u00e7a para a companhia l\u201cPraticamente tudo o que fazemos online, da pesquisa de um produto \u00e0 conex\u00e3o com servi\u00e7os (sem falar no revolucionamento da publicidade), tem as m\u00e3os de algum engenheiro do Google.\u201d via Gizmodo gizmodo.uol.com.br\/google-faz-25-\u2026 [ad_2] Acesse o item em: https:\/\/gizmodo.uol.com.br\/google-faz-25-anos-ia-e-ameaca-e-esperanca-para-a-companhia\/<\/p>\n","protected":false},"author":1,"featured_media":21250,"comment_status":"open","ping_status":"open","sticky":false,"template":"","format":"standard","meta":{"_jetpack_memberships_contains_paid_content":false,"footnotes":"","jetpack_publicize_message":"","jetpack_publicize_feature_enabled":true,"jetpack_social_post_already_shared":true,"jetpack_social_options":{"image_generator_settings":{"template":"highway","default_image_id":0,"font":"","enabled":false},"version":2}},"categories":[21],"tags":[],"class_list":["post-21249","post","type-post","status-publish","format-standard","has-post-thumbnail","hentry","category-informeci"],"jetpack_publicize_connections":[],"jetpack_featured_media_url":"https:\/\/i0.wp.com\/www.pedroandretta.info\/index\/wp-content\/uploads\/2023\/09\/bard-google-1000x600.jpg?fit=1000%2C600&ssl=1","views":"","jetpack_sharing_enabled":true,"_links":{"self":[{"href":"https:\/\/www.pedroandretta.info\/index\/wp-json\/wp\/v2\/posts\/21249","targetHints":{"allow":["GET"]}}],"collection":[{"href":"https:\/\/www.pedroandretta.info\/index\/wp-json\/wp\/v2\/posts"}],"about":[{"href":"https:\/\/www.pedroandretta.info\/index\/wp-json\/wp\/v2\/types\/post"}],"author":[{"embeddable":true,"href":"https:\/\/www.pedroandretta.info\/index\/wp-json\/wp\/v2\/users\/1"}],"replies":[{"embeddable":true,"href":"https:\/\/www.pedroandretta.info\/index\/wp-json\/wp\/v2\/comments?post=21249"}],"version-history":[{"count":0,"href":"https:\/\/www.pedroandretta.info\/index\/wp-json\/wp\/v2\/posts\/21249\/revisions"}],"wp:featuredmedia":[{"embeddable":true,"href":"https:\/\/www.pedroandretta.info\/index\/wp-json\/wp\/v2\/media\/21250"}],"wp:attachment":[{"href":"https:\/\/www.pedroandretta.info\/index\/wp-json\/wp\/v2\/media?parent=21249"}],"wp:term":[{"taxonomy":"category","embeddable":true,"href":"https:\/\/www.pedroandretta.info\/index\/wp-json\/wp\/v2\/categories?post=21249"},{"taxonomy":"post_tag","embeddable":true,"href":"https:\/\/www.pedroandretta.info\/index\/wp-json\/wp\/v2\/tags?post=21249"}],"curies":[{"name":"wp","href":"https:\/\/api.w.org\/{rel}","templated":true}]}}