{"id":21256,"date":"2023-09-04T17:14:17","date_gmt":"2023-09-04T21:14:17","guid":{"rendered":"https:\/\/www.pedroandretta.info\/index\/2023\/09\/04\/a-identidade-da-ciencia-da-informacao-l-a-ciencia-da-informacao-preocupa-se-com\/"},"modified":"2023-09-04T17:14:17","modified_gmt":"2023-09-04T21:14:17","slug":"a-identidade-da-ciencia-da-informacao-l-a-ciencia-da-informacao-preocupa-se-com","status":"publish","type":"post","link":"https:\/\/www.pedroandretta.info\/index\/2023\/09\/a-identidade-da-ciencia-da-informacao-l-a-ciencia-da-informacao-preocupa-se-com\/","title":{"rendered":"A identidade da ci\u00eancia da informa\u00e7\u00e3o l \u201cA ci\u00eancia da informa\u00e7\u00e3o preocupa-se com&#8230;"},"content":{"rendered":"<p>[ad_1]<br \/>\n<img data-recalc-dims=\"1\" decoding=\"async\" src=\"https:\/\/i0.wp.com\/pbs.twimg.com\/media\/F5NfsgbW4AAZ5-p.jpg?w=696&#038;ssl=1\" \/><\/p>\n<p>A identidade da ci\u00eancia da informa\u00e7\u00e3o l \u201cA ci\u00eancia da informa\u00e7\u00e3o preocupa-se com a forma como a informa\u00e7\u00e3o se manifesta no espa\u00e7o e no tempo.\u201d #Ci\u00eanciaDaInforma\u00e7\u00e3o #Informa\u00e7\u00e3o #FundamentosEmCI <a target=\"_blank\" href=\"https:\/\/www.emerald.com\/insight\/content\/doi\/10.1108\/JD-04-2023-0074\/full\/html\" rel=\"noopener\">emerald.com\/insight\/conten\u2026<\/a> <a target=\"_blank\" href=\"https:\/\/twitter.com\/pedroisandretta\/status\/1698806712046666144\/photo\/1\" rel=\"noopener\">pic.twitter.com\/6QC99cb1mo<\/a><br \/>\n[ad_2]<br \/>\n<br \/>Acesse o item em: <a href=\"https:\/\/www.emerald.com\/insight\/content\/doi\/10.1108\/JD-04-2023-0074\/full\/html\">https:\/\/www.emerald.com\/insight\/content\/doi\/10.1108\/JD-04-2023-0074\/full\/html<\/a><\/p>\n","protected":false},"excerpt":{"rendered":"<p>[ad_1] A identidade da ci\u00eancia da informa\u00e7\u00e3o l \u201cA ci\u00eancia da informa\u00e7\u00e3o preocupa-se com a forma como a informa\u00e7\u00e3o se manifesta no espa\u00e7o e no tempo.\u201d #Ci\u00eanciaDaInforma\u00e7\u00e3o #Informa\u00e7\u00e3o #FundamentosEmCI emerald.com\/insight\/conten\u2026 pic.twitter.com\/6QC99cb1mo [ad_2] Acesse o item em: https:\/\/www.emerald.com\/insight\/content\/doi\/10.1108\/JD-04-2023-0074\/full\/html<\/p>\n","protected":false},"author":1,"featured_media":21257,"comment_status":"open","ping_status":"open","sticky":false,"template":"","format":"standard","meta":{"_jetpack_memberships_contains_paid_content":false,"footnotes":"","jetpack_publicize_message":"","jetpack_publicize_feature_enabled":true,"jetpack_social_post_already_shared":true,"jetpack_social_options":{"image_generator_settings":{"template":"highway","default_image_id":0,"font":"","enabled":false},"version":2}},"categories":[21],"tags":[],"class_list":["post-21256","post","type-post","status-publish","format-standard","has-post-thumbnail","hentry","category-informeci"],"jetpack_publicize_connections":[],"jetpack_featured_media_url":"https:\/\/i0.wp.com\/www.pedroandretta.info\/index\/wp-content\/uploads\/2023\/09\/F5NfsgbW4AAZ5-p.jpg?fit=640%2C833&ssl=1","views":"","jetpack_sharing_enabled":true,"_links":{"self":[{"href":"https:\/\/www.pedroandretta.info\/index\/wp-json\/wp\/v2\/posts\/21256","targetHints":{"allow":["GET"]}}],"collection":[{"href":"https:\/\/www.pedroandretta.info\/index\/wp-json\/wp\/v2\/posts"}],"about":[{"href":"https:\/\/www.pedroandretta.info\/index\/wp-json\/wp\/v2\/types\/post"}],"author":[{"embeddable":true,"href":"https:\/\/www.pedroandretta.info\/index\/wp-json\/wp\/v2\/users\/1"}],"replies":[{"embeddable":true,"href":"https:\/\/www.pedroandretta.info\/index\/wp-json\/wp\/v2\/comments?post=21256"}],"version-history":[{"count":0,"href":"https:\/\/www.pedroandretta.info\/index\/wp-json\/wp\/v2\/posts\/21256\/revisions"}],"wp:featuredmedia":[{"embeddable":true,"href":"https:\/\/www.pedroandretta.info\/index\/wp-json\/wp\/v2\/media\/21257"}],"wp:attachment":[{"href":"https:\/\/www.pedroandretta.info\/index\/wp-json\/wp\/v2\/media?parent=21256"}],"wp:term":[{"taxonomy":"category","embeddable":true,"href":"https:\/\/www.pedroandretta.info\/index\/wp-json\/wp\/v2\/categories?post=21256"},{"taxonomy":"post_tag","embeddable":true,"href":"https:\/\/www.pedroandretta.info\/index\/wp-json\/wp\/v2\/tags?post=21256"}],"curies":[{"name":"wp","href":"https:\/\/api.w.org\/{rel}","templated":true}]}}