{"id":21267,"date":"2023-09-06T01:20:19","date_gmt":"2023-09-06T05:20:19","guid":{"rendered":"https:\/\/www.pedroandretta.info\/index\/2023\/09\/06\/biblioteca-nacional-suica-comeca-a-coletar-artigos-da-wikipedia-l-a-biblioteca\/"},"modified":"2023-09-06T01:20:19","modified_gmt":"2023-09-06T05:20:19","slug":"biblioteca-nacional-suica-comeca-a-coletar-artigos-da-wikipedia-l-a-biblioteca","status":"publish","type":"post","link":"https:\/\/www.pedroandretta.info\/index\/2023\/09\/biblioteca-nacional-suica-comeca-a-coletar-artigos-da-wikipedia-l-a-biblioteca\/","title":{"rendered":"Biblioteca Nacional Su\u00ed\u00e7a come\u00e7a a coletar artigos da Wikip\u00e9dia l \u201cA Biblioteca &#8230;"},"content":{"rendered":"<p>[ad_1]<br \/>\n<img data-recalc-dims=\"1\" decoding=\"async\" src=\"https:\/\/i0.wp.com\/www.swissinfo.ch\/resource\/image\/48670068\/landscape_ratio16x9\/1920\/1080\/3f77342f48115ca363a18fc9ca0b3c34\/A2B446DC245B31E5C826A97BB240759F\/72922603_highres.jpg?w=696&#038;ssl=1\"\/><\/p>\n<p>Biblioteca Nacional Su\u00ed\u00e7a come\u00e7a a coletar artigos da Wikip\u00e9dia l \u201cA Biblioteca Nacional Su\u00ed\u00e7a est\u00e1 construindo uma cole\u00e7\u00e3o digital de artigos da Wikip\u00e9dia relacionados \u00e0 Su\u00ed\u00e7a.\u201d #Wikipedia #Sui\u00e7a #Preserva\u00e7\u00e3oDigital  \ud83c\uddfa\ud83c\uddf8 via SWI <a target=\"_blank\" href=\"https:\/\/www.swissinfo.ch\/eng\/politics\/swiss-national-library-starts-collecting-wikipedia-articles\/48670044\" rel=\"noopener\">swissinfo.ch\/eng\/politics\/s\u2026<\/a><br \/>\n[ad_2]<br \/>\n<br \/>Acesse o item em: <a href=\"https:\/\/www.swissinfo.ch\/eng\/politics\/swiss-national-library-starts-collecting-wikipedia-articles\/48670044\">https:\/\/www.swissinfo.ch\/eng\/politics\/swiss-national-library-starts-collecting-wikipedia-articles\/48670044<\/a><\/p>\n","protected":false},"excerpt":{"rendered":"<p>[ad_1] Biblioteca Nacional Su\u00ed\u00e7a come\u00e7a a coletar artigos da Wikip\u00e9dia l \u201cA Biblioteca Nacional Su\u00ed\u00e7a est\u00e1 construindo uma cole\u00e7\u00e3o digital de artigos da Wikip\u00e9dia relacionados \u00e0 Su\u00ed\u00e7a.\u201d #Wikipedia #Sui\u00e7a #Preserva\u00e7\u00e3oDigital \ud83c\uddfa\ud83c\uddf8 via SWI swissinfo.ch\/eng\/politics\/s\u2026 [ad_2] Acesse o item em: https:\/\/www.swissinfo.ch\/eng\/politics\/swiss-national-library-starts-collecting-wikipedia-articles\/48670044<\/p>\n","protected":false},"author":1,"featured_media":21268,"comment_status":"open","ping_status":"open","sticky":false,"template":"","format":"standard","meta":{"_jetpack_memberships_contains_paid_content":false,"footnotes":"","jetpack_publicize_message":"","jetpack_publicize_feature_enabled":true,"jetpack_social_post_already_shared":true,"jetpack_social_options":{"image_generator_settings":{"template":"highway","default_image_id":0,"font":"","enabled":false},"version":2}},"categories":[21],"tags":[],"class_list":["post-21267","post","type-post","status-publish","format-standard","has-post-thumbnail","hentry","category-informeci"],"jetpack_publicize_connections":[],"jetpack_featured_media_url":"https:\/\/i0.wp.com\/www.pedroandretta.info\/index\/wp-content\/uploads\/2023\/09\/72922603_highres.jpg?fit=1920%2C1080&ssl=1","views":"","jetpack_sharing_enabled":true,"_links":{"self":[{"href":"https:\/\/www.pedroandretta.info\/index\/wp-json\/wp\/v2\/posts\/21267","targetHints":{"allow":["GET"]}}],"collection":[{"href":"https:\/\/www.pedroandretta.info\/index\/wp-json\/wp\/v2\/posts"}],"about":[{"href":"https:\/\/www.pedroandretta.info\/index\/wp-json\/wp\/v2\/types\/post"}],"author":[{"embeddable":true,"href":"https:\/\/www.pedroandretta.info\/index\/wp-json\/wp\/v2\/users\/1"}],"replies":[{"embeddable":true,"href":"https:\/\/www.pedroandretta.info\/index\/wp-json\/wp\/v2\/comments?post=21267"}],"version-history":[{"count":0,"href":"https:\/\/www.pedroandretta.info\/index\/wp-json\/wp\/v2\/posts\/21267\/revisions"}],"wp:featuredmedia":[{"embeddable":true,"href":"https:\/\/www.pedroandretta.info\/index\/wp-json\/wp\/v2\/media\/21268"}],"wp:attachment":[{"href":"https:\/\/www.pedroandretta.info\/index\/wp-json\/wp\/v2\/media?parent=21267"}],"wp:term":[{"taxonomy":"category","embeddable":true,"href":"https:\/\/www.pedroandretta.info\/index\/wp-json\/wp\/v2\/categories?post=21267"},{"taxonomy":"post_tag","embeddable":true,"href":"https:\/\/www.pedroandretta.info\/index\/wp-json\/wp\/v2\/tags?post=21267"}],"curies":[{"name":"wp","href":"https:\/\/api.w.org\/{rel}","templated":true}]}}