{"id":21300,"date":"2023-09-10T23:41:35","date_gmt":"2023-09-11T03:41:35","guid":{"rendered":"https:\/\/www.pedroandretta.info\/index\/2023\/09\/10\/entrevista-com-hugo-pires-e-sua-pesquisa-sobre-as-relacoes-de-genero-na-trajet\/"},"modified":"2023-09-10T23:41:35","modified_gmt":"2023-09-11T03:41:35","slug":"entrevista-com-hugo-pires-e-sua-pesquisa-sobre-as-relacoes-de-genero-na-trajet","status":"publish","type":"post","link":"https:\/\/www.pedroandretta.info\/index\/2023\/09\/entrevista-com-hugo-pires-e-sua-pesquisa-sobre-as-relacoes-de-genero-na-trajet\/","title":{"rendered":"#Entrevista com Hugo Pires e sua pesquisa sobre as rela\u00e7\u00f5es de #g\u00eanero na trajet&#8230;"},"content":{"rendered":"<p>[ad_1]<br \/>\n<img data-recalc-dims=\"1\" decoding=\"async\" src=\"https:\/\/i0.wp.com\/pbs.twimg.com\/media\/F5tx4prXgAAydEu.jpg?w=696&#038;ssl=1\" \/><\/p>\n<p>#Entrevista com Hugo Pires e sua pesquisa sobre as rela\u00e7\u00f5es de #g\u00eanero na trajet\u00f3ria da pessoa bibliotec\u00e1ria l\u201c[\u2026]os trabalhos de Michel Foucault a respeito das rela\u00e7\u00f5es entre poder e discurso foram fundamentais para o desenho da tese [\u2026]\u201d via Divulga-CI <a target=\"_blank\" href=\"https:\/\/www.divulgaci.labci.online\/v-1-n-6-ago-2023\/entrevista-com-hugo-pires-e-sua-pesquisa-sobre-as-relacoes-de-genero-na-trajetoria-da-pessoa-bibliotecaria\/\" rel=\"noopener\">divulgaci.labci.online\/v-1-n-6-ago-20\u2026<\/a> <a target=\"_blank\" href=\"https:\/\/twitter.com\/pedroisandretta\/status\/1701078509345481028\/photo\/1\" rel=\"noopener\">pic.twitter.com\/n4iqj5562x<\/a><br \/>\n[ad_2]<br \/>\n<br \/>Acesse o item em: <a href=\"https:\/\/www.divulgaci.labci.online\/v-1-n-6-ago-2023\/entrevista-com-hugo-pires-e-sua-pesquisa-sobre-as-relacoes-de-genero-na-trajetoria-da-pessoa-bibliotecaria\/\">https:\/\/www.divulgaci.labci.online\/v-1-n-6-ago-2023\/entrevista-com-hugo-pires-e-sua-pesquisa-sobre-as-relacoes-de-genero-na-trajetoria-da-pessoa-bibliotecaria\/<\/a><\/p>\n","protected":false},"excerpt":{"rendered":"<p>[ad_1] #Entrevista com Hugo Pires e sua pesquisa sobre as rela\u00e7\u00f5es de #g\u00eanero na trajet\u00f3ria da pessoa bibliotec\u00e1ria l\u201c[\u2026]os trabalhos de Michel Foucault a respeito das rela\u00e7\u00f5es entre poder e discurso foram fundamentais para o desenho da tese [\u2026]\u201d via Divulga-CI divulgaci.labci.online\/v-1-n-6-ago-20\u2026 pic.twitter.com\/n4iqj5562x [ad_2] Acesse o item em: https:\/\/www.divulgaci.labci.online\/v-1-n-6-ago-2023\/entrevista-com-hugo-pires-e-sua-pesquisa-sobre-as-relacoes-de-genero-na-trajetoria-da-pessoa-bibliotecaria\/<\/p>\n","protected":false},"author":1,"featured_media":21301,"comment_status":"open","ping_status":"open","sticky":false,"template":"","format":"standard","meta":{"_jetpack_memberships_contains_paid_content":false,"footnotes":"","jetpack_publicize_message":"","jetpack_publicize_feature_enabled":true,"jetpack_social_post_already_shared":true,"jetpack_social_options":{"image_generator_settings":{"template":"highway","default_image_id":0,"font":"","enabled":false},"version":2}},"categories":[21],"tags":[],"class_list":["post-21300","post","type-post","status-publish","format-standard","has-post-thumbnail","hentry","category-informeci"],"jetpack_publicize_connections":[],"jetpack_featured_media_url":"https:\/\/i0.wp.com\/www.pedroandretta.info\/index\/wp-content\/uploads\/2023\/09\/F5tx4prXgAAydEu.jpg?fit=628%2C875&ssl=1","views":"","jetpack_sharing_enabled":true,"_links":{"self":[{"href":"https:\/\/www.pedroandretta.info\/index\/wp-json\/wp\/v2\/posts\/21300","targetHints":{"allow":["GET"]}}],"collection":[{"href":"https:\/\/www.pedroandretta.info\/index\/wp-json\/wp\/v2\/posts"}],"about":[{"href":"https:\/\/www.pedroandretta.info\/index\/wp-json\/wp\/v2\/types\/post"}],"author":[{"embeddable":true,"href":"https:\/\/www.pedroandretta.info\/index\/wp-json\/wp\/v2\/users\/1"}],"replies":[{"embeddable":true,"href":"https:\/\/www.pedroandretta.info\/index\/wp-json\/wp\/v2\/comments?post=21300"}],"version-history":[{"count":0,"href":"https:\/\/www.pedroandretta.info\/index\/wp-json\/wp\/v2\/posts\/21300\/revisions"}],"wp:featuredmedia":[{"embeddable":true,"href":"https:\/\/www.pedroandretta.info\/index\/wp-json\/wp\/v2\/media\/21301"}],"wp:attachment":[{"href":"https:\/\/www.pedroandretta.info\/index\/wp-json\/wp\/v2\/media?parent=21300"}],"wp:term":[{"taxonomy":"category","embeddable":true,"href":"https:\/\/www.pedroandretta.info\/index\/wp-json\/wp\/v2\/categories?post=21300"},{"taxonomy":"post_tag","embeddable":true,"href":"https:\/\/www.pedroandretta.info\/index\/wp-json\/wp\/v2\/tags?post=21300"}],"curies":[{"name":"wp","href":"https:\/\/api.w.org\/{rel}","templated":true}]}}