{"id":21302,"date":"2023-09-10T22:10:22","date_gmt":"2023-09-11T02:10:22","guid":{"rendered":"https:\/\/www.pedroandretta.info\/index\/2023\/09\/10\/a-presenca-do-futebol-de-mulheres-no-museu-la-escolha-do-tema-se-deve-ao-fato-d\/"},"modified":"2023-09-10T22:10:22","modified_gmt":"2023-09-11T02:10:22","slug":"a-presenca-do-futebol-de-mulheres-no-museu-la-escolha-do-tema-se-deve-ao-fato-d","status":"publish","type":"post","link":"https:\/\/www.pedroandretta.info\/index\/2023\/09\/a-presenca-do-futebol-de-mulheres-no-museu-la-escolha-do-tema-se-deve-ao-fato-d\/","title":{"rendered":"A presen\u00e7a do futebol de mulheres no Museu l\u201cA escolha do tema se deve ao fato d&#8230;"},"content":{"rendered":"<p>[ad_1]<br \/>\n<img data-recalc-dims=\"1\" decoding=\"async\" src=\"https:\/\/i0.wp.com\/pbs.twimg.com\/media\/F5tdAdDWUAA4B5C.jpg?w=696&#038;ssl=1\" \/><\/p>\n<p>A presen\u00e7a do futebol de mulheres no Museu l\u201cA escolha do tema se deve ao fato da aus\u00eancia de objetos e elementos que abordassem o futebol de mulheres nas exposi\u00e7\u00f5es do Museu do Gr\u00eamio, at\u00e9 a entrada do trof\u00e9u de campe\u00e3s do Campeonato Ga\u00facho\u201d #Musealiza\u00e7\u00e3o <a target=\"_blank\" href=\"https:\/\/lume.ufrgs.br\/handle\/10183\/264348\" rel=\"noopener\">lume.ufrgs.br\/handle\/10183\/2\u2026<\/a> <a target=\"_blank\" href=\"https:\/\/twitter.com\/pedroisandretta\/status\/1701055551642182075\/photo\/1\" rel=\"noopener\">pic.twitter.com\/aBB5JyEisN<\/a><br \/>\n[ad_2]<br \/>\n<br \/>Acesse o item em: <a href=\"https:\/\/lume.ufrgs.br\/handle\/10183\/264348\">https:\/\/lume.ufrgs.br\/handle\/10183\/264348<\/a><\/p>\n","protected":false},"excerpt":{"rendered":"<p>[ad_1] A presen\u00e7a do futebol de mulheres no Museu l\u201cA escolha do tema se deve ao fato da aus\u00eancia de objetos e elementos que abordassem o futebol de mulheres nas exposi\u00e7\u00f5es do Museu do Gr\u00eamio, at\u00e9 a entrada do trof\u00e9u de campe\u00e3s do Campeonato Ga\u00facho\u201d #Musealiza\u00e7\u00e3o lume.ufrgs.br\/handle\/10183\/2\u2026 pic.twitter.com\/aBB5JyEisN [ad_2] Acesse o item em: https:\/\/lume.ufrgs.br\/handle\/10183\/264348<\/p>\n","protected":false},"author":1,"featured_media":21303,"comment_status":"open","ping_status":"open","sticky":false,"template":"","format":"standard","meta":{"_jetpack_memberships_contains_paid_content":false,"footnotes":"","jetpack_publicize_message":"","jetpack_publicize_feature_enabled":true,"jetpack_social_post_already_shared":true,"jetpack_social_options":{"image_generator_settings":{"template":"highway","default_image_id":0,"font":"","enabled":false},"version":2}},"categories":[21],"tags":[],"class_list":["post-21302","post","type-post","status-publish","format-standard","has-post-thumbnail","hentry","category-informeci"],"jetpack_publicize_connections":[],"jetpack_featured_media_url":"https:\/\/i0.wp.com\/www.pedroandretta.info\/index\/wp-content\/uploads\/2023\/09\/F5tdAdDWUAA4B5C.jpg?fit=640%2C1016&ssl=1","views":"","jetpack_sharing_enabled":true,"_links":{"self":[{"href":"https:\/\/www.pedroandretta.info\/index\/wp-json\/wp\/v2\/posts\/21302","targetHints":{"allow":["GET"]}}],"collection":[{"href":"https:\/\/www.pedroandretta.info\/index\/wp-json\/wp\/v2\/posts"}],"about":[{"href":"https:\/\/www.pedroandretta.info\/index\/wp-json\/wp\/v2\/types\/post"}],"author":[{"embeddable":true,"href":"https:\/\/www.pedroandretta.info\/index\/wp-json\/wp\/v2\/users\/1"}],"replies":[{"embeddable":true,"href":"https:\/\/www.pedroandretta.info\/index\/wp-json\/wp\/v2\/comments?post=21302"}],"version-history":[{"count":0,"href":"https:\/\/www.pedroandretta.info\/index\/wp-json\/wp\/v2\/posts\/21302\/revisions"}],"wp:featuredmedia":[{"embeddable":true,"href":"https:\/\/www.pedroandretta.info\/index\/wp-json\/wp\/v2\/media\/21303"}],"wp:attachment":[{"href":"https:\/\/www.pedroandretta.info\/index\/wp-json\/wp\/v2\/media?parent=21302"}],"wp:term":[{"taxonomy":"category","embeddable":true,"href":"https:\/\/www.pedroandretta.info\/index\/wp-json\/wp\/v2\/categories?post=21302"},{"taxonomy":"post_tag","embeddable":true,"href":"https:\/\/www.pedroandretta.info\/index\/wp-json\/wp\/v2\/tags?post=21302"}],"curies":[{"name":"wp","href":"https:\/\/api.w.org\/{rel}","templated":true}]}}