{"id":21306,"date":"2023-09-11T11:41:10","date_gmt":"2023-09-11T15:41:10","guid":{"rendered":"https:\/\/www.pedroandretta.info\/index\/2023\/09\/11\/bibliotecas-publicas-como-agentes-de-transformacao-e-reducao-de-desigualdades-l\/"},"modified":"2023-09-11T11:41:10","modified_gmt":"2023-09-11T15:41:10","slug":"bibliotecas-publicas-como-agentes-de-transformacao-e-reducao-de-desigualdades-l","status":"publish","type":"post","link":"https:\/\/www.pedroandretta.info\/index\/2023\/09\/bibliotecas-publicas-como-agentes-de-transformacao-e-reducao-de-desigualdades-l\/","title":{"rendered":"Bibliotecas p\u00fablicas como agentes de transforma\u00e7\u00e3o e redu\u00e7\u00e3o de desigualdades l &#8230;"},"content":{"rendered":"<p>[ad_1]<br \/>\n<img data-recalc-dims=\"1\" decoding=\"async\" src=\"https:\/\/i0.wp.com\/pbs.twimg.com\/media\/F5wWlXyWEAA-eXT.jpg?w=696&#038;ssl=1\" \/><\/p>\n<p>Bibliotecas p\u00fablicas como agentes de transforma\u00e7\u00e3o e redu\u00e7\u00e3o de desigualdades l \u201c[\u2026] objetivou-se identificar, na literatura cient\u00edfica, iniciativas e pr\u00e1ticas que evidenciam o papel transformador e ativo das #bibliotecas na sociedade [\u2026]\u201d. <a target=\"_blank\" href=\"https:\/\/repositorio.ufscar.br\/handle\/ufscar\/18474\" rel=\"noopener\">repositorio.ufscar.br\/handle\/ufscar\/\u2026<\/a> <a target=\"_blank\" href=\"https:\/\/twitter.com\/pedroisandretta\/status\/1701259595375616029\/photo\/1\" rel=\"noopener\">pic.twitter.com\/ByrYdeflc0<\/a><br \/>\n[ad_2]<br \/>\n<br \/>Acesse o item em: <a href=\"https:\/\/repositorio.ufscar.br\/handle\/ufscar\/18474\">https:\/\/repositorio.ufscar.br\/handle\/ufscar\/18474<\/a><\/p>\n","protected":false},"excerpt":{"rendered":"<p>[ad_1] Bibliotecas p\u00fablicas como agentes de transforma\u00e7\u00e3o e redu\u00e7\u00e3o de desigualdades l \u201c[\u2026] objetivou-se identificar, na literatura cient\u00edfica, iniciativas e pr\u00e1ticas que evidenciam o papel transformador e ativo das #bibliotecas na sociedade [\u2026]\u201d. repositorio.ufscar.br\/handle\/ufscar\/\u2026 pic.twitter.com\/ByrYdeflc0 [ad_2] Acesse o item em: https:\/\/repositorio.ufscar.br\/handle\/ufscar\/18474<\/p>\n","protected":false},"author":1,"featured_media":21307,"comment_status":"open","ping_status":"open","sticky":false,"template":"","format":"standard","meta":{"_jetpack_memberships_contains_paid_content":false,"footnotes":"","jetpack_publicize_message":"","jetpack_publicize_feature_enabled":true,"jetpack_social_post_already_shared":true,"jetpack_social_options":{"image_generator_settings":{"template":"highway","default_image_id":0,"font":"","enabled":false},"version":2}},"categories":[21],"tags":[],"class_list":["post-21306","post","type-post","status-publish","format-standard","has-post-thumbnail","hentry","category-informeci"],"jetpack_publicize_connections":[],"jetpack_featured_media_url":"https:\/\/i0.wp.com\/www.pedroandretta.info\/index\/wp-content\/uploads\/2023\/09\/F5wWlXyWEAA-eXT.jpg?fit=640%2C885&ssl=1","views":"","jetpack_sharing_enabled":true,"_links":{"self":[{"href":"https:\/\/www.pedroandretta.info\/index\/wp-json\/wp\/v2\/posts\/21306","targetHints":{"allow":["GET"]}}],"collection":[{"href":"https:\/\/www.pedroandretta.info\/index\/wp-json\/wp\/v2\/posts"}],"about":[{"href":"https:\/\/www.pedroandretta.info\/index\/wp-json\/wp\/v2\/types\/post"}],"author":[{"embeddable":true,"href":"https:\/\/www.pedroandretta.info\/index\/wp-json\/wp\/v2\/users\/1"}],"replies":[{"embeddable":true,"href":"https:\/\/www.pedroandretta.info\/index\/wp-json\/wp\/v2\/comments?post=21306"}],"version-history":[{"count":0,"href":"https:\/\/www.pedroandretta.info\/index\/wp-json\/wp\/v2\/posts\/21306\/revisions"}],"wp:featuredmedia":[{"embeddable":true,"href":"https:\/\/www.pedroandretta.info\/index\/wp-json\/wp\/v2\/media\/21307"}],"wp:attachment":[{"href":"https:\/\/www.pedroandretta.info\/index\/wp-json\/wp\/v2\/media?parent=21306"}],"wp:term":[{"taxonomy":"category","embeddable":true,"href":"https:\/\/www.pedroandretta.info\/index\/wp-json\/wp\/v2\/categories?post=21306"},{"taxonomy":"post_tag","embeddable":true,"href":"https:\/\/www.pedroandretta.info\/index\/wp-json\/wp\/v2\/tags?post=21306"}],"curies":[{"name":"wp","href":"https:\/\/api.w.org\/{rel}","templated":true}]}}