{"id":21308,"date":"2023-09-11T18:46:52","date_gmt":"2023-09-11T22:46:52","guid":{"rendered":"https:\/\/www.pedroandretta.info\/index\/2023\/09\/11\/aprender-a-ler-que-desafios-isto-representa-para-os-alunos-do-ensino-primario\/"},"modified":"2023-09-11T18:46:52","modified_gmt":"2023-09-11T22:46:52","slug":"aprender-a-ler-que-desafios-isto-representa-para-os-alunos-do-ensino-primario","status":"publish","type":"post","link":"https:\/\/www.pedroandretta.info\/index\/2023\/09\/aprender-a-ler-que-desafios-isto-representa-para-os-alunos-do-ensino-primario\/","title":{"rendered":"Aprender a ler: que desafios isto representa para os alunos do ensino prim\u00e1rio? &#8230;"},"content":{"rendered":"<p>[ad_1]<br \/>\nAprender a ler: que desafios isto representa para os alunos do ensino prim\u00e1rio? l \u201cQuando uma crian\u00e7a l\u00ea um texto, ela aprende a mobilizar seus conhecimentos e mem\u00f3rias relevantes para representar o que est\u00e1 descrito\u201d #Leitura \ud83c\uddeb\ud83c\uddf7via The Conversation  <a target=\"_blank\" href=\"https:\/\/theconversation.com\/apprendre-a-lire-quels-defis-cela-represente-t-il-pour-les-eleves-de-primaire-212144\" rel=\"noopener\">theconversation.com\/apprendre-a-li\u2026<\/a><br \/>\n[ad_2]<br \/>\n<br \/>Acesse o item em: <a href=\"https:\/\/theconversation.com\/apprendre-a-lire-quels-defis-cela-represente-t-il-pour-les-eleves-de-primaire-212144\">https:\/\/theconversation.com\/apprendre-a-lire-quels-defis-cela-represente-t-il-pour-les-eleves-de-primaire-212144<\/a><\/p>\n","protected":false},"excerpt":{"rendered":"<p>[ad_1] Aprender a ler: que desafios isto representa para os alunos do ensino prim\u00e1rio? l \u201cQuando uma crian\u00e7a l\u00ea um texto, ela aprende a mobilizar seus conhecimentos e mem\u00f3rias relevantes para representar o que est\u00e1 descrito\u201d #Leitura \ud83c\uddeb\ud83c\uddf7via The Conversation theconversation.com\/apprendre-a-li\u2026 [ad_2] Acesse o item em: https:\/\/theconversation.com\/apprendre-a-lire-quels-defis-cela-represente-t-il-pour-les-eleves-de-primaire-212144<\/p>\n","protected":false},"author":1,"featured_media":0,"comment_status":"open","ping_status":"open","sticky":false,"template":"","format":"standard","meta":{"_jetpack_memberships_contains_paid_content":false,"footnotes":"","jetpack_publicize_message":"","jetpack_publicize_feature_enabled":true,"jetpack_social_post_already_shared":true,"jetpack_social_options":{"image_generator_settings":{"template":"highway","default_image_id":0,"font":"","enabled":false},"version":2}},"categories":[21],"tags":[],"class_list":["post-21308","post","type-post","status-publish","format-standard","hentry","category-informeci"],"jetpack_publicize_connections":[],"jetpack_featured_media_url":"","views":"","jetpack_sharing_enabled":true,"_links":{"self":[{"href":"https:\/\/www.pedroandretta.info\/index\/wp-json\/wp\/v2\/posts\/21308","targetHints":{"allow":["GET"]}}],"collection":[{"href":"https:\/\/www.pedroandretta.info\/index\/wp-json\/wp\/v2\/posts"}],"about":[{"href":"https:\/\/www.pedroandretta.info\/index\/wp-json\/wp\/v2\/types\/post"}],"author":[{"embeddable":true,"href":"https:\/\/www.pedroandretta.info\/index\/wp-json\/wp\/v2\/users\/1"}],"replies":[{"embeddable":true,"href":"https:\/\/www.pedroandretta.info\/index\/wp-json\/wp\/v2\/comments?post=21308"}],"version-history":[{"count":0,"href":"https:\/\/www.pedroandretta.info\/index\/wp-json\/wp\/v2\/posts\/21308\/revisions"}],"wp:attachment":[{"href":"https:\/\/www.pedroandretta.info\/index\/wp-json\/wp\/v2\/media?parent=21308"}],"wp:term":[{"taxonomy":"category","embeddable":true,"href":"https:\/\/www.pedroandretta.info\/index\/wp-json\/wp\/v2\/categories?post=21308"},{"taxonomy":"post_tag","embeddable":true,"href":"https:\/\/www.pedroandretta.info\/index\/wp-json\/wp\/v2\/tags?post=21308"}],"curies":[{"name":"wp","href":"https:\/\/api.w.org\/{rel}","templated":true}]}}