{"id":21309,"date":"2023-09-11T18:36:22","date_gmt":"2023-09-11T22:36:22","guid":{"rendered":"https:\/\/www.pedroandretta.info\/index\/2023\/09\/11\/fatores-associados-a-evasao-de-curso-na-ufrj-uma-analise-de-sobrevivencia-l-o\/"},"modified":"2023-09-11T18:36:22","modified_gmt":"2023-09-11T22:36:22","slug":"fatores-associados-a-evasao-de-curso-na-ufrj-uma-analise-de-sobrevivencia-l-o","status":"publish","type":"post","link":"https:\/\/www.pedroandretta.info\/index\/2023\/09\/fatores-associados-a-evasao-de-curso-na-ufrj-uma-analise-de-sobrevivencia-l-o\/","title":{"rendered":"Fatores associados \u00e0 evas\u00e3o de curso na UFRJ: uma an\u00e1lise de sobreviv\u00eancia l \u201cO &#8230;"},"content":{"rendered":"<p>[ad_1]<br \/>\n<img data-recalc-dims=\"1\" decoding=\"async\" src=\"https:\/\/i0.wp.com\/pbs.twimg.com\/media\/F5x1nZIW8AAPezJ.jpg?w=696&#038;ssl=1\" \/><\/p>\n<p>Fatores associados \u00e0 evas\u00e3o de curso na UFRJ: uma an\u00e1lise de sobreviv\u00eancia l \u201cO fator sociodemogr\u00e1fico \u201crenda familiar\u201d \u00e9 destacado como aspecto associado \u00e0 evas\u00e3o, bem como a reprova\u00e7\u00e3o durante a gradua\u00e7\u00e3o [\u2026]\u201d  #UniversidadesP\u00fablicas #UFRJ #Evas\u00e3o <a target=\"_blank\" href=\"https:\/\/www.scielo.br\/j\/edur\/a\/ywv7rxxKM6wHXj9qp477H3n\/?lang=pt\" rel=\"noopener\">scielo.br\/j\/edur\/a\/ywv7r\u2026<\/a> <a target=\"_blank\" href=\"https:\/\/twitter.com\/pedroisandretta\/status\/1701364086427033600\/photo\/1\" rel=\"noopener\">pic.twitter.com\/5vujhAbb4m<\/a><br \/>\n[ad_2]<br \/>\n<br \/>Acesse o item em: <a href=\"https:\/\/www.scielo.br\/j\/edur\/a\/ywv7rxxKM6wHXj9qp477H3n\/?lang=pt\">https:\/\/www.scielo.br\/j\/edur\/a\/ywv7rxxKM6wHXj9qp477H3n\/?lang=pt<\/a><\/p>\n","protected":false},"excerpt":{"rendered":"<p>[ad_1] Fatores associados \u00e0 evas\u00e3o de curso na UFRJ: uma an\u00e1lise de sobreviv\u00eancia l \u201cO fator sociodemogr\u00e1fico \u201crenda familiar\u201d \u00e9 destacado como aspecto associado \u00e0 evas\u00e3o, bem como a reprova\u00e7\u00e3o durante a gradua\u00e7\u00e3o [\u2026]\u201d #UniversidadesP\u00fablicas #UFRJ #Evas\u00e3o scielo.br\/j\/edur\/a\/ywv7r\u2026 pic.twitter.com\/5vujhAbb4m [ad_2] Acesse o item em: https:\/\/www.scielo.br\/j\/edur\/a\/ywv7rxxKM6wHXj9qp477H3n\/?lang=pt<\/p>\n","protected":false},"author":1,"featured_media":21310,"comment_status":"open","ping_status":"open","sticky":false,"template":"","format":"standard","meta":{"_jetpack_memberships_contains_paid_content":false,"footnotes":"","jetpack_publicize_message":"","jetpack_publicize_feature_enabled":true,"jetpack_social_post_already_shared":true,"jetpack_social_options":{"image_generator_settings":{"template":"highway","default_image_id":0,"font":"","enabled":false},"version":2}},"categories":[21],"tags":[],"class_list":["post-21309","post","type-post","status-publish","format-standard","has-post-thumbnail","hentry","category-informeci"],"jetpack_publicize_connections":[],"jetpack_featured_media_url":"https:\/\/i0.wp.com\/www.pedroandretta.info\/index\/wp-content\/uploads\/2023\/09\/F5x1nZIW8AAPezJ.jpg?fit=640%2C897&ssl=1","views":"","jetpack_sharing_enabled":true,"_links":{"self":[{"href":"https:\/\/www.pedroandretta.info\/index\/wp-json\/wp\/v2\/posts\/21309","targetHints":{"allow":["GET"]}}],"collection":[{"href":"https:\/\/www.pedroandretta.info\/index\/wp-json\/wp\/v2\/posts"}],"about":[{"href":"https:\/\/www.pedroandretta.info\/index\/wp-json\/wp\/v2\/types\/post"}],"author":[{"embeddable":true,"href":"https:\/\/www.pedroandretta.info\/index\/wp-json\/wp\/v2\/users\/1"}],"replies":[{"embeddable":true,"href":"https:\/\/www.pedroandretta.info\/index\/wp-json\/wp\/v2\/comments?post=21309"}],"version-history":[{"count":0,"href":"https:\/\/www.pedroandretta.info\/index\/wp-json\/wp\/v2\/posts\/21309\/revisions"}],"wp:featuredmedia":[{"embeddable":true,"href":"https:\/\/www.pedroandretta.info\/index\/wp-json\/wp\/v2\/media\/21310"}],"wp:attachment":[{"href":"https:\/\/www.pedroandretta.info\/index\/wp-json\/wp\/v2\/media?parent=21309"}],"wp:term":[{"taxonomy":"category","embeddable":true,"href":"https:\/\/www.pedroandretta.info\/index\/wp-json\/wp\/v2\/categories?post=21309"},{"taxonomy":"post_tag","embeddable":true,"href":"https:\/\/www.pedroandretta.info\/index\/wp-json\/wp\/v2\/tags?post=21309"}],"curies":[{"name":"wp","href":"https:\/\/api.w.org\/{rel}","templated":true}]}}