{"id":21311,"date":"2023-09-11T18:30:02","date_gmt":"2023-09-11T22:30:02","guid":{"rendered":"https:\/\/www.pedroandretta.info\/index\/2023\/09\/11\/so-24-dos-brasileiros-sabem-anexar-documento-em-e-mail-diz-anatel-l-o-per\/"},"modified":"2023-09-11T18:30:02","modified_gmt":"2023-09-11T22:30:02","slug":"so-24-dos-brasileiros-sabem-anexar-documento-em-e-mail-diz-anatel-l-o-per","status":"publish","type":"post","link":"https:\/\/www.pedroandretta.info\/index\/2023\/09\/so-24-dos-brasileiros-sabem-anexar-documento-em-e-mail-diz-anatel-l-o-per\/","title":{"rendered":"S\u00f3 24% dos brasileiros sabem anexar documento em e-mail, diz Anatel l \u201c[\u2026] o per&#8230;"},"content":{"rendered":"<p>[ad_1]<br \/>\n<img data-recalc-dims=\"1\" decoding=\"async\" src=\"https:\/\/i0.wp.com\/gizmodo.uol.com.br\/wp-content\/blogs.dir\/8\/files\/2018\/07\/computador-email-unsplash-e1530537312687.jpg?w=696&#038;ssl=1\"\/><\/p>\n<p>S\u00f3 24% dos brasileiros sabem anexar documento em e-mail, diz Anatel l \u201c[\u2026] o percentual de pessoas que n\u00e3o conhecem o b\u00e1sico em inform\u00e1tica no Brasil \u00e9 menor do que a m\u00e9dia da Am\u00e9rica Latina (24,4% contra 28,12%).\u201d #Compet\u00eanciasDigitais via Gizmodo <a target=\"_blank\" href=\"https:\/\/gizmodo.uol.com.br\/so-24-dos-brasileiros-sabem-anexar-documento-em-e-mail-diz-anatel\/\" rel=\"noopener\">gizmodo.uol.com.br\/so-24-dos-bras\u2026<\/a><br \/>\n[ad_2]<br \/>\n<br \/>Acesse o item em: <a href=\"https:\/\/gizmodo.uol.com.br\/so-24-dos-brasileiros-sabem-anexar-documento-em-e-mail-diz-anatel\/\">https:\/\/gizmodo.uol.com.br\/so-24-dos-brasileiros-sabem-anexar-documento-em-e-mail-diz-anatel\/<\/a><\/p>\n","protected":false},"excerpt":{"rendered":"<p>[ad_1] S\u00f3 24% dos brasileiros sabem anexar documento em e-mail, diz Anatel l \u201c[\u2026] o percentual de pessoas que n\u00e3o conhecem o b\u00e1sico em inform\u00e1tica no Brasil \u00e9 menor do que a m\u00e9dia da Am\u00e9rica Latina (24,4% contra 28,12%).\u201d #Compet\u00eanciasDigitais via Gizmodo gizmodo.uol.com.br\/so-24-dos-bras\u2026 [ad_2] Acesse o item em: https:\/\/gizmodo.uol.com.br\/so-24-dos-brasileiros-sabem-anexar-documento-em-e-mail-diz-anatel\/<\/p>\n","protected":false},"author":1,"featured_media":21312,"comment_status":"open","ping_status":"open","sticky":false,"template":"","format":"standard","meta":{"_jetpack_memberships_contains_paid_content":false,"footnotes":"","jetpack_publicize_message":"","jetpack_publicize_feature_enabled":true,"jetpack_social_post_already_shared":true,"jetpack_social_options":{"image_generator_settings":{"template":"highway","default_image_id":0,"font":"","enabled":false},"version":2}},"categories":[21],"tags":[],"class_list":["post-21311","post","type-post","status-publish","format-standard","has-post-thumbnail","hentry","category-informeci"],"jetpack_publicize_connections":[],"jetpack_featured_media_url":"https:\/\/i0.wp.com\/www.pedroandretta.info\/index\/wp-content\/uploads\/2023\/09\/computador-email-unsplash-e1530537312687.jpg?fit=2450%2C1381&ssl=1","views":"","jetpack_sharing_enabled":true,"_links":{"self":[{"href":"https:\/\/www.pedroandretta.info\/index\/wp-json\/wp\/v2\/posts\/21311","targetHints":{"allow":["GET"]}}],"collection":[{"href":"https:\/\/www.pedroandretta.info\/index\/wp-json\/wp\/v2\/posts"}],"about":[{"href":"https:\/\/www.pedroandretta.info\/index\/wp-json\/wp\/v2\/types\/post"}],"author":[{"embeddable":true,"href":"https:\/\/www.pedroandretta.info\/index\/wp-json\/wp\/v2\/users\/1"}],"replies":[{"embeddable":true,"href":"https:\/\/www.pedroandretta.info\/index\/wp-json\/wp\/v2\/comments?post=21311"}],"version-history":[{"count":0,"href":"https:\/\/www.pedroandretta.info\/index\/wp-json\/wp\/v2\/posts\/21311\/revisions"}],"wp:featuredmedia":[{"embeddable":true,"href":"https:\/\/www.pedroandretta.info\/index\/wp-json\/wp\/v2\/media\/21312"}],"wp:attachment":[{"href":"https:\/\/www.pedroandretta.info\/index\/wp-json\/wp\/v2\/media?parent=21311"}],"wp:term":[{"taxonomy":"category","embeddable":true,"href":"https:\/\/www.pedroandretta.info\/index\/wp-json\/wp\/v2\/categories?post=21311"},{"taxonomy":"post_tag","embeddable":true,"href":"https:\/\/www.pedroandretta.info\/index\/wp-json\/wp\/v2\/tags?post=21311"}],"curies":[{"name":"wp","href":"https:\/\/api.w.org\/{rel}","templated":true}]}}