{"id":21313,"date":"2023-09-11T22:22:39","date_gmt":"2023-09-12T02:22:39","guid":{"rendered":"https:\/\/www.pedroandretta.info\/index\/2023\/09\/11\/entrevista-com-angela-emi-yanai-e-sua-pesquisa-sobre-a-geracao-e-protecao-do-co\/"},"modified":"2023-09-11T22:22:39","modified_gmt":"2023-09-12T02:22:39","slug":"entrevista-com-angela-emi-yanai-e-sua-pesquisa-sobre-a-geracao-e-protecao-do-co","status":"publish","type":"post","link":"https:\/\/www.pedroandretta.info\/index\/2023\/09\/entrevista-com-angela-emi-yanai-e-sua-pesquisa-sobre-a-geracao-e-protecao-do-co\/","title":{"rendered":"#Entrevista com Angela Emi Yanai e sua pesquisa sobre a gera\u00e7\u00e3o e prote\u00e7\u00e3o do co&#8230;"},"content":{"rendered":"<p>[ad_1]<br \/>\n<img data-recalc-dims=\"1\" decoding=\"async\" src=\"https:\/\/i0.wp.com\/pbs.twimg.com\/media\/F5ypZ-PWYAA46Dv.jpg?w=696&#038;ssl=1\" \/><\/p>\n<p>#Entrevista com Angela Emi Yanai e sua pesquisa sobre a gera\u00e7\u00e3o e prote\u00e7\u00e3o do conhecimento cient\u00edfico sobre as plantas amaz\u00f4nicas l \u201cH\u00e1 poucos trabalhos envolvendo um grande n\u00famero de esp\u00e9cies de plantas da Amaz\u00f4nia brasileira\u201d #Patentes via Divulga-CI <a target=\"_blank\" href=\"https:\/\/www.divulgaci.labci.online\/v-1-n-6-ago-2023\/entrevista-com-angela-emi-yanai-e-sua-pesquisa-sobre-a-geracao-e-protecao-do-conhecimento-cientifico-sobre-as-plantas-amazonicas\/\" rel=\"noopener\">divulgaci.labci.online\/v-1-n-6-ago-20\u2026<\/a> <a target=\"_blank\" href=\"https:\/\/twitter.com\/pedroisandretta\/status\/1701421029938126993\/photo\/1\" rel=\"noopener\">pic.twitter.com\/wA3jLomZCG<\/a><br \/>\n[ad_2]<br \/>\n<br \/>Acesse o item em: <a href=\"https:\/\/www.divulgaci.labci.online\/v-1-n-6-ago-2023\/entrevista-com-angela-emi-yanai-e-sua-pesquisa-sobre-a-geracao-e-protecao-do-conhecimento-cientifico-sobre-as-plantas-amazonicas\/\">https:\/\/www.divulgaci.labci.online\/v-1-n-6-ago-2023\/entrevista-com-angela-emi-yanai-e-sua-pesquisa-sobre-a-geracao-e-protecao-do-conhecimento-cientifico-sobre-as-plantas-amazonicas\/<\/a><\/p>\n","protected":false},"excerpt":{"rendered":"<p>[ad_1] #Entrevista com Angela Emi Yanai e sua pesquisa sobre a gera\u00e7\u00e3o e prote\u00e7\u00e3o do conhecimento cient\u00edfico sobre as plantas amaz\u00f4nicas l \u201cH\u00e1 poucos trabalhos envolvendo um grande n\u00famero de esp\u00e9cies de plantas da Amaz\u00f4nia brasileira\u201d #Patentes via Divulga-CI divulgaci.labci.online\/v-1-n-6-ago-20\u2026 pic.twitter.com\/wA3jLomZCG [ad_2] Acesse o item em: https:\/\/www.divulgaci.labci.online\/v-1-n-6-ago-2023\/entrevista-com-angela-emi-yanai-e-sua-pesquisa-sobre-a-geracao-e-protecao-do-conhecimento-cientifico-sobre-as-plantas-amazonicas\/<\/p>\n","protected":false},"author":1,"featured_media":21314,"comment_status":"open","ping_status":"open","sticky":false,"template":"","format":"standard","meta":{"_jetpack_memberships_contains_paid_content":false,"footnotes":"","jetpack_publicize_message":"","jetpack_publicize_feature_enabled":true,"jetpack_social_post_already_shared":true,"jetpack_social_options":{"image_generator_settings":{"template":"highway","default_image_id":0,"font":"","enabled":false},"version":2}},"categories":[21],"tags":[],"class_list":["post-21313","post","type-post","status-publish","format-standard","has-post-thumbnail","hentry","category-informeci"],"jetpack_publicize_connections":[],"jetpack_featured_media_url":"https:\/\/i0.wp.com\/www.pedroandretta.info\/index\/wp-content\/uploads\/2023\/09\/F5ypZ-PWYAA46Dv.jpg?fit=628%2C892&ssl=1","views":"","jetpack_sharing_enabled":true,"_links":{"self":[{"href":"https:\/\/www.pedroandretta.info\/index\/wp-json\/wp\/v2\/posts\/21313","targetHints":{"allow":["GET"]}}],"collection":[{"href":"https:\/\/www.pedroandretta.info\/index\/wp-json\/wp\/v2\/posts"}],"about":[{"href":"https:\/\/www.pedroandretta.info\/index\/wp-json\/wp\/v2\/types\/post"}],"author":[{"embeddable":true,"href":"https:\/\/www.pedroandretta.info\/index\/wp-json\/wp\/v2\/users\/1"}],"replies":[{"embeddable":true,"href":"https:\/\/www.pedroandretta.info\/index\/wp-json\/wp\/v2\/comments?post=21313"}],"version-history":[{"count":0,"href":"https:\/\/www.pedroandretta.info\/index\/wp-json\/wp\/v2\/posts\/21313\/revisions"}],"wp:featuredmedia":[{"embeddable":true,"href":"https:\/\/www.pedroandretta.info\/index\/wp-json\/wp\/v2\/media\/21314"}],"wp:attachment":[{"href":"https:\/\/www.pedroandretta.info\/index\/wp-json\/wp\/v2\/media?parent=21313"}],"wp:term":[{"taxonomy":"category","embeddable":true,"href":"https:\/\/www.pedroandretta.info\/index\/wp-json\/wp\/v2\/categories?post=21313"},{"taxonomy":"post_tag","embeddable":true,"href":"https:\/\/www.pedroandretta.info\/index\/wp-json\/wp\/v2\/tags?post=21313"}],"curies":[{"name":"wp","href":"https:\/\/api.w.org\/{rel}","templated":true}]}}