{"id":21434,"date":"2023-09-15T11:05:18","date_gmt":"2023-09-15T15:05:18","guid":{"rendered":"https:\/\/www.pedroandretta.info\/index\/2023\/09\/15\/paiol-da-informacao-um-lugar-de-memoria-para-preservar-os-saberes-e-fazeres-da\/"},"modified":"2025-08-25T09:11:15","modified_gmt":"2025-08-25T13:11:15","slug":"paiol-da-informacao-um-lugar-de-memoria-para-preservar-os-saberes-e-fazeres-da","status":"publish","type":"post","link":"https:\/\/www.pedroandretta.info\/index\/2023\/09\/paiol-da-informacao-um-lugar-de-memoria-para-preservar-os-saberes-e-fazeres-da\/","title":{"rendered":"Paiol da informa\u00e7\u00e3o: um lugar de mem\u00f3ria para preservar os saberes e fazeres da &#8230;"},"content":{"rendered":"<p>[ad_1]<br \/>\n<img data-recalc-dims=\"1\" decoding=\"async\" src=\"https:\/\/i0.wp.com\/pbs.twimg.com\/media\/F6E0b4lW0AEx16y.png?w=696&#038;ssl=1\" \/><\/p>\n<p>Paiol da informa\u00e7\u00e3o: um lugar de mem\u00f3ria para preservar os saberes e fazeres da gastronomia de Limeira, Bigua\u00e7u (SC)l&#8221;O Paiol da Informa\u00e7\u00e3o, que d\u00e1 t\u00edtulo ao cat\u00e1logo das Mem\u00f3rias Gastron\u00f4micas de Limeira, foi desenvolvido na plataforma do WordPress [&#8230;]&#8221; <a target=\"_blank\" href=\"https:\/\/www.udesc.br\/arquivos\/faed\/id_cpmenu\/8764\/1___Paiol_da_Informa__o_Rosiane_Maria_16944288657968_8764.pdf\" rel=\"noopener\">udesc.br\/arquivos\/faed\/\u2026<\/a> <a target=\"_blank\" href=\"https:\/\/twitter.com\/pedroisandretta\/status\/1702700124122574974\/photo\/1\" rel=\"noopener\">pic.twitter.com\/7BXnhzjabm<\/a><br \/>\n[ad_2]<br \/>\n<br \/>Acesse o item em: <a href=\"https:\/\/www.udesc.br\/arquivos\/faed\/id_cpmenu\/8764\/1___Paiol_da_Informa__o_Rosiane_Maria_16944288657968_8764.pdf\">https:\/\/www.udesc.br\/arquivos\/faed\/id_cpmenu\/8764\/1___Paiol_da_Informa__o_Rosiane_Maria_16944288657968_8764.pdf<\/a><\/p>\n","protected":false},"excerpt":{"rendered":"<p>[ad_1] Paiol da informa\u00e7\u00e3o: um lugar de mem\u00f3ria para preservar os saberes e fazeres da gastronomia de Limeira, Bigua\u00e7u (SC)l&#8221;O Paiol da Informa\u00e7\u00e3o, que d\u00e1 t\u00edtulo ao cat\u00e1logo das Mem\u00f3rias Gastron\u00f4micas de Limeira, foi desenvolvido na plataforma do WordPress [&#8230;]&#8221; udesc.br\/arquivos\/faed\/\u2026 pic.twitter.com\/7BXnhzjabm [ad_2] Acesse o item em: https:\/\/www.udesc.br\/arquivos\/faed\/id_cpmenu\/8764\/1___Paiol_da_Informa__o_Rosiane_Maria_16944288657968_8764.pdf<\/p>\n","protected":false},"author":1,"featured_media":21435,"comment_status":"open","ping_status":"open","sticky":false,"template":"","format":"standard","meta":{"_jetpack_memberships_contains_paid_content":false,"footnotes":"","jetpack_publicize_message":"","jetpack_publicize_feature_enabled":true,"jetpack_social_post_already_shared":true,"jetpack_social_options":{"image_generator_settings":{"template":"highway","default_image_id":0,"font":"","enabled":false},"version":2}},"categories":[21],"tags":[3110],"class_list":["post-21434","post","type-post","status-publish","format-standard","has-post-thumbnail","hentry","category-informeci","tag-gastronomia"],"jetpack_publicize_connections":[],"jetpack_featured_media_url":"https:\/\/i0.wp.com\/www.pedroandretta.info\/index\/wp-content\/uploads\/2023\/09\/F6E0b4lW0AEx16y.png?fit=530%2C747&ssl=1","views":"","jetpack_sharing_enabled":true,"_links":{"self":[{"href":"https:\/\/www.pedroandretta.info\/index\/wp-json\/wp\/v2\/posts\/21434","targetHints":{"allow":["GET"]}}],"collection":[{"href":"https:\/\/www.pedroandretta.info\/index\/wp-json\/wp\/v2\/posts"}],"about":[{"href":"https:\/\/www.pedroandretta.info\/index\/wp-json\/wp\/v2\/types\/post"}],"author":[{"embeddable":true,"href":"https:\/\/www.pedroandretta.info\/index\/wp-json\/wp\/v2\/users\/1"}],"replies":[{"embeddable":true,"href":"https:\/\/www.pedroandretta.info\/index\/wp-json\/wp\/v2\/comments?post=21434"}],"version-history":[{"count":0,"href":"https:\/\/www.pedroandretta.info\/index\/wp-json\/wp\/v2\/posts\/21434\/revisions"}],"wp:featuredmedia":[{"embeddable":true,"href":"https:\/\/www.pedroandretta.info\/index\/wp-json\/wp\/v2\/media\/21435"}],"wp:attachment":[{"href":"https:\/\/www.pedroandretta.info\/index\/wp-json\/wp\/v2\/media?parent=21434"}],"wp:term":[{"taxonomy":"category","embeddable":true,"href":"https:\/\/www.pedroandretta.info\/index\/wp-json\/wp\/v2\/categories?post=21434"},{"taxonomy":"post_tag","embeddable":true,"href":"https:\/\/www.pedroandretta.info\/index\/wp-json\/wp\/v2\/tags?post=21434"}],"curies":[{"name":"wp","href":"https:\/\/api.w.org\/{rel}","templated":true}]}}