{"id":21436,"date":"2023-09-15T18:45:15","date_gmt":"2023-09-15T22:45:15","guid":{"rendered":"https:\/\/www.pedroandretta.info\/index\/2023\/09\/15\/consumo-fragmentado-na-era-do-tiktok-l-o-consumo-fragmentado-e-uma-realidade-d\/"},"modified":"2025-08-25T09:08:08","modified_gmt":"2025-08-25T13:08:08","slug":"consumo-fragmentado-na-era-do-tiktok-l-o-consumo-fragmentado-e-uma-realidade-d","status":"publish","type":"post","link":"https:\/\/www.pedroandretta.info\/index\/2023\/09\/consumo-fragmentado-na-era-do-tiktok-l-o-consumo-fragmentado-e-uma-realidade-d\/","title":{"rendered":"Consumo fragmentado na era do TikTok l &#8220;O  consumo fragmentado \u00e9 uma realidade d&#8230;"},"content":{"rendered":"<p>[ad_1]<br \/>\nConsumo fragmentado na era do TikTok l &#8220;O  consumo fragmentado \u00e9 uma realidade do nosso tempo, mas n\u00e3o precisa ser  uma barreira para a cria\u00e7\u00e3o e formata\u00e7\u00e3o de hist\u00f3rias&#8230; pelo  contr\u00e1rio [&#8230;]!&#8221; #ConsumoDeInforma\u00e7\u00e3o #M\u00eddiasSociais \ud83c\uddea\ud83c\uddf8 via DosDoce <a target=\"_blank\" href=\"https:\/\/www.dosdoce.com\/2023\/09\/14\/el-consumo-fragmentado-en-la-era-de-tiktok\/\" rel=\"noopener\">dosdoce.com\/2023\/09\/14\/el-\u2026<\/a><br \/>\n[ad_2]<br \/>\n<br \/>Acesse o item em: <a href=\"https:\/\/www.dosdoce.com\/2023\/09\/14\/el-consumo-fragmentado-en-la-era-de-tiktok\/\">https:\/\/www.dosdoce.com\/2023\/09\/14\/el-consumo-fragmentado-en-la-era-de-tiktok\/<\/a><\/p>\n","protected":false},"excerpt":{"rendered":"<p>[ad_1] Consumo fragmentado na era do TikTok l &#8220;O consumo fragmentado \u00e9 uma realidade do nosso tempo, mas n\u00e3o precisa ser uma barreira para a cria\u00e7\u00e3o e formata\u00e7\u00e3o de hist\u00f3rias&#8230; pelo contr\u00e1rio [&#8230;]!&#8221; #ConsumoDeInforma\u00e7\u00e3o #M\u00eddiasSociais \ud83c\uddea\ud83c\uddf8 via DosDoce dosdoce.com\/2023\/09\/14\/el-\u2026 [ad_2] Acesse o item em: https:\/\/www.dosdoce.com\/2023\/09\/14\/el-consumo-fragmentado-en-la-era-de-tiktok\/<\/p>\n","protected":false},"author":1,"featured_media":0,"comment_status":"open","ping_status":"open","sticky":false,"template":"","format":"standard","meta":{"_jetpack_memberships_contains_paid_content":false,"footnotes":"","jetpack_publicize_message":"","jetpack_publicize_feature_enabled":true,"jetpack_social_post_already_shared":true,"jetpack_social_options":{"image_generator_settings":{"template":"highway","default_image_id":0,"font":"","enabled":false},"version":2}},"categories":[21],"tags":[2012,794,596],"class_list":["post-21436","post","type-post","status-publish","format-standard","hentry","category-informeci","tag-consumodeinformacao","tag-midiassociais","tag-tiktok"],"jetpack_publicize_connections":[],"jetpack_featured_media_url":"","views":"","jetpack_sharing_enabled":true,"_links":{"self":[{"href":"https:\/\/www.pedroandretta.info\/index\/wp-json\/wp\/v2\/posts\/21436","targetHints":{"allow":["GET"]}}],"collection":[{"href":"https:\/\/www.pedroandretta.info\/index\/wp-json\/wp\/v2\/posts"}],"about":[{"href":"https:\/\/www.pedroandretta.info\/index\/wp-json\/wp\/v2\/types\/post"}],"author":[{"embeddable":true,"href":"https:\/\/www.pedroandretta.info\/index\/wp-json\/wp\/v2\/users\/1"}],"replies":[{"embeddable":true,"href":"https:\/\/www.pedroandretta.info\/index\/wp-json\/wp\/v2\/comments?post=21436"}],"version-history":[{"count":0,"href":"https:\/\/www.pedroandretta.info\/index\/wp-json\/wp\/v2\/posts\/21436\/revisions"}],"wp:attachment":[{"href":"https:\/\/www.pedroandretta.info\/index\/wp-json\/wp\/v2\/media?parent=21436"}],"wp:term":[{"taxonomy":"category","embeddable":true,"href":"https:\/\/www.pedroandretta.info\/index\/wp-json\/wp\/v2\/categories?post=21436"},{"taxonomy":"post_tag","embeddable":true,"href":"https:\/\/www.pedroandretta.info\/index\/wp-json\/wp\/v2\/tags?post=21436"}],"curies":[{"name":"wp","href":"https:\/\/api.w.org\/{rel}","templated":true}]}}