{"id":21437,"date":"2023-09-15T18:53:00","date_gmt":"2023-09-15T22:53:00","guid":{"rendered":"https:\/\/www.pedroandretta.info\/index\/2023\/09\/15\/por-que-me-tornei-arquivista-e-por-que-voce-deveria-considerar-ser-um-arquivista\/"},"modified":"2025-08-25T09:03:34","modified_gmt":"2025-08-25T13:03:34","slug":"por-que-me-tornei-arquivista-e-por-que-voce-deveria-considerar-ser-um-arquivista","status":"publish","type":"post","link":"https:\/\/www.pedroandretta.info\/index\/2023\/09\/por-que-me-tornei-arquivista-e-por-que-voce-deveria-considerar-ser-um-arquivista\/","title":{"rendered":"Por que me tornei arquivista e por que voc\u00ea deveria considerar ser um arquivista&#8230;"},"content":{"rendered":"<p>[ad_1]<br \/>\n<img data-recalc-dims=\"1\" decoding=\"async\" src=\"https:\/\/i0.wp.com\/pbs.twimg.com\/media\/F6GfolKXkAAtKKl.png?w=696&#038;ssl=1\" \/><\/p>\n<p>Por que me tornei arquivista e por que voc\u00ea deveria considerar ser um arquivista? l &#8220;Os arquivistas s\u00e3o mediadores entre os criadores de documentos e os usu\u00e1rios, entre o passado e o futuro, e garantem o valor social dos arquivos.&#8221; #Arquivologia <a href=\"https:\/\/ojs.uel.br\/revistas\/uel\/index.php\/informacao\/article\/view\/47200\" target=\"_blank\" rel=\"noopener\">ojs.uel.br\/revistas\/uel\/i\u2026<\/a> <a href=\"https:\/\/twitter.com\/pedroisandretta\/status\/1702817821464367495\/photo\/1\" target=\"_blank\" rel=\"noopener\">pic.twitter.com\/KvAdqMyrCg<\/a><br \/>\n[ad_2]<\/p>\n<p>Acesse o item em: <a href=\"https:\/\/ojs.uel.br\/revistas\/uel\/index.php\/informacao\/article\/view\/47200\">https:\/\/ojs.uel.br\/revistas\/uel\/index.php\/informacao\/article\/view\/47200<\/a><\/p>\n","protected":false},"excerpt":{"rendered":"<p>[ad_1] Por que me tornei arquivista e por que voc\u00ea deveria considerar ser um arquivista? l &#8220;Os arquivistas s\u00e3o mediadores entre os criadores de documentos e os usu\u00e1rios, entre o passado e o futuro, e garantem o valor social dos arquivos.&#8221; #Arquivologia ojs.uel.br\/revistas\/uel\/i\u2026 pic.twitter.com\/KvAdqMyrCg [ad_2] Acesse o item em: https:\/\/ojs.uel.br\/revistas\/uel\/index.php\/informacao\/article\/view\/47200<\/p>\n","protected":false},"author":1,"featured_media":21438,"comment_status":"open","ping_status":"open","sticky":false,"template":"","format":"standard","meta":{"_jetpack_newsletter_access":"","_jetpack_dont_email_post_to_subs":false,"_jetpack_newsletter_tier_id":0,"_jetpack_memberships_contains_paywalled_content":false,"_jetpack_feature_clip_id":0,"_jetpack_memberships_contains_paid_content":false,"footnotes":"","jetpack_publicize_message":"","jetpack_publicize_feature_enabled":true,"jetpack_social_post_already_shared":true,"jetpack_social_options":{"image_generator_settings":{"template":"highway","default_image_id":0,"font":"","enabled":false},"version":2},"jetpack_post_was_ever_published":false},"categories":[21],"tags":[26],"class_list":["post-21437","post","type-post","status-publish","format-standard","has-post-thumbnail","hentry","category-informeci","tag-arquivistas"],"jetpack_publicize_connections":[],"jetpack_featured_media_url":"https:\/\/i0.wp.com\/www.pedroandretta.info\/index\/wp-content\/uploads\/2023\/09\/F6GfolKXkAAtKKl.png?fit=529%2C744&ssl=1","views":"","jetpack_sharing_enabled":true,"_links":{"self":[{"href":"https:\/\/www.pedroandretta.info\/index\/wp-json\/wp\/v2\/posts\/21437","targetHints":{"allow":["GET"]}}],"collection":[{"href":"https:\/\/www.pedroandretta.info\/index\/wp-json\/wp\/v2\/posts"}],"about":[{"href":"https:\/\/www.pedroandretta.info\/index\/wp-json\/wp\/v2\/types\/post"}],"author":[{"embeddable":true,"href":"https:\/\/www.pedroandretta.info\/index\/wp-json\/wp\/v2\/users\/1"}],"replies":[{"embeddable":true,"href":"https:\/\/www.pedroandretta.info\/index\/wp-json\/wp\/v2\/comments?post=21437"}],"version-history":[{"count":0,"href":"https:\/\/www.pedroandretta.info\/index\/wp-json\/wp\/v2\/posts\/21437\/revisions"}],"wp:featuredmedia":[{"embeddable":true,"href":"https:\/\/www.pedroandretta.info\/index\/wp-json\/wp\/v2\/media\/21438"}],"wp:attachment":[{"href":"https:\/\/www.pedroandretta.info\/index\/wp-json\/wp\/v2\/media?parent=21437"}],"wp:term":[{"taxonomy":"category","embeddable":true,"href":"https:\/\/www.pedroandretta.info\/index\/wp-json\/wp\/v2\/categories?post=21437"},{"taxonomy":"post_tag","embeddable":true,"href":"https:\/\/www.pedroandretta.info\/index\/wp-json\/wp\/v2\/tags?post=21437"}],"curies":[{"name":"wp","href":"https:\/\/api.w.org\/{rel}","templated":true}]}}