{"id":21754,"date":"2023-10-02T10:55:38","date_gmt":"2023-10-02T14:55:38","guid":{"rendered":"https:\/\/www.pedroandretta.info\/index\/?p=21754"},"modified":"2023-10-02T10:55:40","modified_gmt":"2023-10-02T14:55:40","slug":"projeto-de-antropologia-digital","status":"publish","type":"post","link":"https:\/\/www.pedroandretta.info\/index\/2023\/10\/projeto-de-antropologia-digital\/","title":{"rendered":"Projeto de Antropologia Digital"},"content":{"rendered":"\n<p><strong>Projeto de Antropologia Digital<\/strong><\/p>\n\n\n\n<p>O Projeto de Antropologia Digital visa aprofundar nossa compreens\u00e3o da intera\u00e7\u00e3o entre comunidades humanas, culturas e tecnologias digitais. O seu objetivo \u00e9 esclarecer o que significa ser humano na era digital e como os comportamentos dos indiv\u00edduos no espa\u00e7o digital se traduzem no espa\u00e7o anal\u00f3gico.<\/p>\n\n\n\n<p>via UNESCO<\/p>\n\n\n\n<p>#HumanidadesDigitais #Antropologia<\/p>\n\n\n\n<p>Dispon\u00edvel em: <a href=\"https:\/\/www.unesco.org\/en\/digital-anthropology\">https:\/\/www.unesco.org\/en\/digital-anthropology<\/a><\/p>\n\n\n\n<figure class=\"wp-block-image size-full\"><img data-recalc-dims=\"1\" decoding=\"async\" width=\"422\" height=\"598\" src=\"https:\/\/i0.wp.com\/www.pedroandretta.info\/index\/wp-content\/uploads\/2023\/10\/image.png?resize=422%2C598&#038;ssl=1\" alt=\"\" class=\"wp-image-21755\" srcset=\"https:\/\/i0.wp.com\/www.pedroandretta.info\/index\/wp-content\/uploads\/2023\/10\/image.png?w=422&amp;ssl=1 422w, https:\/\/i0.wp.com\/www.pedroandretta.info\/index\/wp-content\/uploads\/2023\/10\/image.png?resize=212%2C300&amp;ssl=1 212w\" sizes=\"(max-width: 422px) 100vw, 422px\" \/><\/figure>\n","protected":false},"excerpt":{"rendered":"<p>Projeto de Antropologia Digital O Projeto de Antropologia Digital visa aprofundar nossa compreens\u00e3o da intera\u00e7\u00e3o entre comunidades humanas, culturas e tecnologias digitais. O seu objetivo \u00e9 esclarecer o que significa ser humano na era digital e como os comportamentos dos indiv\u00edduos no espa\u00e7o digital se traduzem no espa\u00e7o anal\u00f3gico. via UNESCO #HumanidadesDigitais #Antropologia Dispon\u00edvel em:<\/p><\/div>\n<div class=\"blog-btn\"><a href=\"https:\/\/www.pedroandretta.info\/index\/2023\/10\/projeto-de-antropologia-digital\/\" class=\"home-blog-btn\">Ler mais<\/a><\/p>\n","protected":false},"author":1,"featured_media":0,"comment_status":"open","ping_status":"open","sticky":false,"template":"","format":"standard","meta":{"_jetpack_newsletter_access":"","_jetpack_dont_email_post_to_subs":false,"_jetpack_newsletter_tier_id":0,"_jetpack_memberships_contains_paywalled_content":false,"_jetpack_feature_clip_id":0,"_jetpack_memberships_contains_paid_content":false,"footnotes":"","jetpack_publicize_message":"","jetpack_publicize_feature_enabled":true,"jetpack_social_post_already_shared":true,"jetpack_social_options":{"image_generator_settings":{"template":"highway","default_image_id":0,"font":"","enabled":false},"version":2},"jetpack_post_was_ever_published":false},"categories":[21],"tags":[1221,32],"class_list":["post-21754","post","type-post","status-publish","format-standard","hentry","category-informeci","tag-antropologia","tag-humanidadesdigitais"],"jetpack_publicize_connections":[],"jetpack_featured_media_url":"","views":"","jetpack_sharing_enabled":true,"_links":{"self":[{"href":"https:\/\/www.pedroandretta.info\/index\/wp-json\/wp\/v2\/posts\/21754","targetHints":{"allow":["GET"]}}],"collection":[{"href":"https:\/\/www.pedroandretta.info\/index\/wp-json\/wp\/v2\/posts"}],"about":[{"href":"https:\/\/www.pedroandretta.info\/index\/wp-json\/wp\/v2\/types\/post"}],"author":[{"embeddable":true,"href":"https:\/\/www.pedroandretta.info\/index\/wp-json\/wp\/v2\/users\/1"}],"replies":[{"embeddable":true,"href":"https:\/\/www.pedroandretta.info\/index\/wp-json\/wp\/v2\/comments?post=21754"}],"version-history":[{"count":0,"href":"https:\/\/www.pedroandretta.info\/index\/wp-json\/wp\/v2\/posts\/21754\/revisions"}],"wp:attachment":[{"href":"https:\/\/www.pedroandretta.info\/index\/wp-json\/wp\/v2\/media?parent=21754"}],"wp:term":[{"taxonomy":"category","embeddable":true,"href":"https:\/\/www.pedroandretta.info\/index\/wp-json\/wp\/v2\/categories?post=21754"},{"taxonomy":"post_tag","embeddable":true,"href":"https:\/\/www.pedroandretta.info\/index\/wp-json\/wp\/v2\/tags?post=21754"}],"curies":[{"name":"wp","href":"https:\/\/api.w.org\/{rel}","templated":true}]}}