{"id":21945,"date":"2023-10-09T19:45:06","date_gmt":"2023-10-09T23:45:06","guid":{"rendered":"https:\/\/www.pedroandretta.info\/index\/?p=21945"},"modified":"2023-10-09T19:46:20","modified_gmt":"2023-10-09T23:46:20","slug":"conheca-o-guia-para-desenvolvimento-de-politicas-institucionais-de-acessibilidade-e-inclusao-das-pessoas-com-deficiencia-nas-universidades-publicas-federais","status":"publish","type":"post","link":"https:\/\/www.pedroandretta.info\/index\/2023\/10\/conheca-o-guia-para-desenvolvimento-de-politicas-institucionais-de-acessibilidade-e-inclusao-das-pessoas-com-deficiencia-nas-universidades-publicas-federais\/","title":{"rendered":"Conhe\u00e7a o \u201cGuia para desenvolvimento de pol\u00edticas institucionais de acessibilidade e inclus\u00e3o das pessoas com defici\u00eancia nas Universidades P\u00fablicas Federais\u201d"},"content":{"rendered":"\n<p><strong>Conhe\u00e7a o \u201cGuia para desenvolvimento de pol\u00edticas institucionais de acessibilidade e inclus\u00e3o das pessoas com defici\u00eancia nas Universidades P\u00fablicas Federais\u201d<\/strong><\/p>\n\n\n\n<p>\u201c[\u2026] acredito que este guia chegando \u00e0s m\u00e3os de gestores(as) da administra\u00e7\u00e3o p\u00fablica, tem o potencial de agregar e possibilitar a eles(as) adquirirem informa\u00e7\u00f5es e conhecimento acerca de um tema sempre relevante [\u2026]\u201d, pondera a pesquisadora B\u00e1rbara Larissa Alexandre Filgueira Mota, que atua na Universidade Federal do Cariri.<\/p>\n\n\n\n<p>via Divulga-CI<\/p>\n\n\n\n<p>#Acessibilidade<br>Dispon\u00edvel em: <a href=\"https:\/\/www.divulgaci.labci.online\/v-1-n-7-set-2023\/inovacao-conheca-o-guia-para-desenvolvimento-de-politicas-institucionais-de-acessibilidade-e-inclusao-das-pessoas-com-deficiencia-nas-universidades-publicas-federais-por-barbara-larissa-alexandr\/\">https:\/\/www.divulgaci.labci.online\/v-1-n-7-set-2023\/inovacao-conheca-o-guia-para-desenvolvimento-de-politicas-institucionais-de-acessibilidade-e-inclusao-das-pessoas-com-deficiencia-nas-universidades-publicas-federais-por-barbara-larissa-alexandr\/<\/a><\/p>\n\n\n\n<figure class=\"wp-block-image size-full\"><img data-recalc-dims=\"1\" decoding=\"async\" width=\"397\" height=\"561\" src=\"https:\/\/i0.wp.com\/www.pedroandretta.info\/index\/wp-content\/uploads\/2023\/10\/image-31.png?resize=397%2C561&#038;ssl=1\" alt=\"\" class=\"wp-image-21947\" srcset=\"https:\/\/i0.wp.com\/www.pedroandretta.info\/index\/wp-content\/uploads\/2023\/10\/image-31.png?w=397&amp;ssl=1 397w, https:\/\/i0.wp.com\/www.pedroandretta.info\/index\/wp-content\/uploads\/2023\/10\/image-31.png?resize=212%2C300&amp;ssl=1 212w\" sizes=\"(max-width: 397px) 100vw, 397px\" \/><\/figure>\n","protected":false},"excerpt":{"rendered":"<p>Conhe\u00e7a o \u201cGuia para desenvolvimento de pol\u00edticas institucionais de acessibilidade e inclus\u00e3o das pessoas com defici\u00eancia nas Universidades P\u00fablicas Federais\u201d \u201c[\u2026] acredito que este guia chegando \u00e0s m\u00e3os de gestores(as) da administra\u00e7\u00e3o p\u00fablica, tem o potencial de agregar e possibilitar a eles(as) adquirirem informa\u00e7\u00f5es e conhecimento acerca de um tema sempre relevante [\u2026]\u201d, pondera a<\/p><\/div>\n<div class=\"blog-btn\"><a href=\"https:\/\/www.pedroandretta.info\/index\/2023\/10\/conheca-o-guia-para-desenvolvimento-de-politicas-institucionais-de-acessibilidade-e-inclusao-das-pessoas-com-deficiencia-nas-universidades-publicas-federais\/\" class=\"home-blog-btn\">Ler mais<\/a><\/p>\n","protected":false},"author":1,"featured_media":0,"comment_status":"open","ping_status":"open","sticky":false,"template":"","format":"standard","meta":{"_jetpack_memberships_contains_paid_content":false,"footnotes":"","jetpack_publicize_message":"","jetpack_publicize_feature_enabled":true,"jetpack_social_post_already_shared":true,"jetpack_social_options":{"image_generator_settings":{"template":"highway","default_image_id":0,"font":"","enabled":false},"version":2}},"categories":[21],"tags":[637],"class_list":["post-21945","post","type-post","status-publish","format-standard","hentry","category-informeci","tag-acessibilidade"],"jetpack_publicize_connections":[],"jetpack_featured_media_url":"","views":"","jetpack_sharing_enabled":true,"_links":{"self":[{"href":"https:\/\/www.pedroandretta.info\/index\/wp-json\/wp\/v2\/posts\/21945","targetHints":{"allow":["GET"]}}],"collection":[{"href":"https:\/\/www.pedroandretta.info\/index\/wp-json\/wp\/v2\/posts"}],"about":[{"href":"https:\/\/www.pedroandretta.info\/index\/wp-json\/wp\/v2\/types\/post"}],"author":[{"embeddable":true,"href":"https:\/\/www.pedroandretta.info\/index\/wp-json\/wp\/v2\/users\/1"}],"replies":[{"embeddable":true,"href":"https:\/\/www.pedroandretta.info\/index\/wp-json\/wp\/v2\/comments?post=21945"}],"version-history":[{"count":0,"href":"https:\/\/www.pedroandretta.info\/index\/wp-json\/wp\/v2\/posts\/21945\/revisions"}],"wp:attachment":[{"href":"https:\/\/www.pedroandretta.info\/index\/wp-json\/wp\/v2\/media?parent=21945"}],"wp:term":[{"taxonomy":"category","embeddable":true,"href":"https:\/\/www.pedroandretta.info\/index\/wp-json\/wp\/v2\/categories?post=21945"},{"taxonomy":"post_tag","embeddable":true,"href":"https:\/\/www.pedroandretta.info\/index\/wp-json\/wp\/v2\/tags?post=21945"}],"curies":[{"name":"wp","href":"https:\/\/api.w.org\/{rel}","templated":true}]}}