{"id":21952,"date":"2023-10-10T14:13:43","date_gmt":"2023-10-10T18:13:43","guid":{"rendered":"https:\/\/www.pedroandretta.info\/index\/?p=21952"},"modified":"2023-10-10T14:13:44","modified_gmt":"2023-10-10T18:13:44","slug":"analfabetismo-de-criancas-de-7-a-9-anos-dobra-no-brasil-apos-pandemia-aponta-unicef","status":"publish","type":"post","link":"https:\/\/www.pedroandretta.info\/index\/2023\/10\/analfabetismo-de-criancas-de-7-a-9-anos-dobra-no-brasil-apos-pandemia-aponta-unicef\/","title":{"rendered":"Analfabetismo de crian\u00e7as de 7 a 9 anos dobra no Brasil ap\u00f3s pandemia, aponta Unicef"},"content":{"rendered":"\n<p><strong>Analfabetismo de crian\u00e7as de 7 a 9 anos dobra no Brasil ap\u00f3s pandemia, aponta Unicef<\/strong><\/p>\n\n\n\n<p>Estudo in\u00e9dito mostra que 31,9 milh\u00f5es de crian\u00e7as e adolescentes do pa\u00eds est\u00e3o privados de algum direito, como educa\u00e7\u00e3o, moradia e renda<\/p>\n\n\n\n<p>via Folha<\/p>\n\n\n\n<p>#Alfabetiza\u00e7\u00e3o #Forma\u00e7\u00e3oDeLeitores #Desigualdade<\/p>\n\n\n\n<p>Dispon\u00edvel em: <a href=\"https:\/\/www1.folha.uol.com.br\/educacao\/2023\/10\/analfabetismo-de-criancas-de-7-a-9-anos-dobra-no-brasil-apos-pandemia-aponta-unicef.shtml\">https:\/\/www1.folha.uol.com.br\/educacao\/2023\/10\/analfabetismo-de-criancas-de-7-a-9-anos-dobra-no-brasil-apos-pandemia-aponta-unicef.shtml<\/a><\/p>\n\n\n\n<figure class=\"wp-block-image size-large\"><img data-recalc-dims=\"1\" decoding=\"async\" width=\"600\" height=\"379\" src=\"https:\/\/i0.wp.com\/www.pedroandretta.info\/index\/wp-content\/uploads\/2023\/10\/image-33.png?resize=600%2C379&#038;ssl=1\" alt=\"\" class=\"wp-image-21953\" srcset=\"https:\/\/i0.wp.com\/www.pedroandretta.info\/index\/wp-content\/uploads\/2023\/10\/image-33.png?resize=600%2C379&amp;ssl=1 600w, https:\/\/i0.wp.com\/www.pedroandretta.info\/index\/wp-content\/uploads\/2023\/10\/image-33.png?resize=300%2C189&amp;ssl=1 300w, https:\/\/i0.wp.com\/www.pedroandretta.info\/index\/wp-content\/uploads\/2023\/10\/image-33.png?w=629&amp;ssl=1 629w\" sizes=\"(max-width: 600px) 100vw, 600px\" \/><\/figure>\n","protected":false},"excerpt":{"rendered":"<p>Analfabetismo de crian\u00e7as de 7 a 9 anos dobra no Brasil ap\u00f3s pandemia, aponta Unicef Estudo in\u00e9dito mostra que 31,9 milh\u00f5es de crian\u00e7as e adolescentes do pa\u00eds est\u00e3o privados de algum direito, como educa\u00e7\u00e3o, moradia e renda via Folha #Alfabetiza\u00e7\u00e3o #Forma\u00e7\u00e3oDeLeitores #Desigualdade Dispon\u00edvel em: https:\/\/www1.folha.uol.com.br\/educacao\/2023\/10\/analfabetismo-de-criancas-de-7-a-9-anos-dobra-no-brasil-apos-pandemia-aponta-unicef.shtml<\/p>\n","protected":false},"author":1,"featured_media":0,"comment_status":"open","ping_status":"open","sticky":false,"template":"","format":"standard","meta":{"_jetpack_memberships_contains_paid_content":false,"footnotes":"","jetpack_publicize_message":"","jetpack_publicize_feature_enabled":true,"jetpack_social_post_already_shared":true,"jetpack_social_options":{"image_generator_settings":{"template":"highway","default_image_id":0,"font":"","enabled":false},"version":2}},"categories":[21],"tags":[436,349,922],"class_list":["post-21952","post","type-post","status-publish","format-standard","hentry","category-informeci","tag-alfabetizacao","tag-desigualdade","tag-formacaodeleitores"],"jetpack_publicize_connections":[],"jetpack_featured_media_url":"","views":"","jetpack_sharing_enabled":true,"_links":{"self":[{"href":"https:\/\/www.pedroandretta.info\/index\/wp-json\/wp\/v2\/posts\/21952","targetHints":{"allow":["GET"]}}],"collection":[{"href":"https:\/\/www.pedroandretta.info\/index\/wp-json\/wp\/v2\/posts"}],"about":[{"href":"https:\/\/www.pedroandretta.info\/index\/wp-json\/wp\/v2\/types\/post"}],"author":[{"embeddable":true,"href":"https:\/\/www.pedroandretta.info\/index\/wp-json\/wp\/v2\/users\/1"}],"replies":[{"embeddable":true,"href":"https:\/\/www.pedroandretta.info\/index\/wp-json\/wp\/v2\/comments?post=21952"}],"version-history":[{"count":0,"href":"https:\/\/www.pedroandretta.info\/index\/wp-json\/wp\/v2\/posts\/21952\/revisions"}],"wp:attachment":[{"href":"https:\/\/www.pedroandretta.info\/index\/wp-json\/wp\/v2\/media?parent=21952"}],"wp:term":[{"taxonomy":"category","embeddable":true,"href":"https:\/\/www.pedroandretta.info\/index\/wp-json\/wp\/v2\/categories?post=21952"},{"taxonomy":"post_tag","embeddable":true,"href":"https:\/\/www.pedroandretta.info\/index\/wp-json\/wp\/v2\/tags?post=21952"}],"curies":[{"name":"wp","href":"https:\/\/api.w.org\/{rel}","templated":true}]}}