{"id":22046,"date":"2023-10-17T11:07:24","date_gmt":"2023-10-17T15:07:24","guid":{"rendered":"https:\/\/www.pedroandretta.info\/index\/?p=22046"},"modified":"2023-10-17T11:13:55","modified_gmt":"2023-10-17T15:13:55","slug":"direitos-humanos-na-america-latina","status":"publish","type":"post","link":"https:\/\/www.pedroandretta.info\/index\/2023\/10\/direitos-humanos-na-america-latina\/","title":{"rendered":"Direitos humanos na Am\u00e9rica Latina"},"content":{"rendered":"\n<p><strong>Direitos humanos na Am\u00e9rica Latina<\/strong><\/p>\n\n\n\n<p>\u201cO aumento da repress\u00e3o pol\u00edtica enfrentada por pa\u00edses latinos s\u00e3o verdadeiros retrocessos de direitos humanos nos \u00faltimos anos, com pris\u00f5es arbitr\u00e1rias de opositores pol\u00edticos e restri\u00e7\u00f5es \u00e0 liberdade de express\u00e3o.\u201d<\/p>\n\n\n\n<p>via Ci\u00eancia e Cultura<\/p>\n\n\n\n<p>#DireitosHumanos #Am\u00e9ricaLatina <\/p>\n\n\n\n<p>Dispon\u00edvel em: <a href=\"https:\/\/revistacienciaecultura.org.br\/?p=4868\">https:\/\/revistacienciaecultura.org.br\/?p=4868<\/a><\/p>\n\n\n\n<figure class=\"wp-block-image size-full\"><img data-recalc-dims=\"1\" decoding=\"async\" width=\"485\" height=\"438\" src=\"https:\/\/i0.wp.com\/www.pedroandretta.info\/index\/wp-content\/uploads\/2023\/10\/image-55.png?resize=485%2C438&#038;ssl=1\" alt=\"\" class=\"wp-image-22047\" srcset=\"https:\/\/i0.wp.com\/www.pedroandretta.info\/index\/wp-content\/uploads\/2023\/10\/image-55.png?w=485&amp;ssl=1 485w, https:\/\/i0.wp.com\/www.pedroandretta.info\/index\/wp-content\/uploads\/2023\/10\/image-55.png?resize=300%2C271&amp;ssl=1 300w\" sizes=\"(max-width: 485px) 100vw, 485px\" \/><\/figure>\n","protected":false},"excerpt":{"rendered":"<p>Direitos humanos na Am\u00e9rica Latina \u201cO aumento da repress\u00e3o pol\u00edtica enfrentada por pa\u00edses latinos s\u00e3o verdadeiros retrocessos de direitos humanos nos \u00faltimos anos, com pris\u00f5es arbitr\u00e1rias de opositores pol\u00edticos e restri\u00e7\u00f5es \u00e0 liberdade de express\u00e3o.\u201d via Ci\u00eancia e Cultura #DireitosHumanos #Am\u00e9ricaLatina Dispon\u00edvel em: https:\/\/revistacienciaecultura.org.br\/?p=4868<\/p>\n","protected":false},"author":1,"featured_media":0,"comment_status":"open","ping_status":"open","sticky":false,"template":"","format":"standard","meta":{"_jetpack_newsletter_access":"","_jetpack_dont_email_post_to_subs":false,"_jetpack_newsletter_tier_id":0,"_jetpack_memberships_contains_paywalled_content":false,"_jetpack_feature_clip_id":0,"_jetpack_memberships_contains_paid_content":false,"footnotes":"","jetpack_publicize_message":"","jetpack_publicize_feature_enabled":true,"jetpack_social_post_already_shared":true,"jetpack_social_options":{"image_generator_settings":{"template":"highway","default_image_id":0,"font":"","enabled":false},"version":2},"jetpack_post_was_ever_published":false},"categories":[21],"tags":[882,1065],"class_list":["post-22046","post","type-post","status-publish","format-standard","hentry","category-informeci","tag-americalatina","tag-direitoshumanos"],"jetpack_publicize_connections":[],"jetpack_featured_media_url":"","views":"","jetpack_sharing_enabled":true,"_links":{"self":[{"href":"https:\/\/www.pedroandretta.info\/index\/wp-json\/wp\/v2\/posts\/22046","targetHints":{"allow":["GET"]}}],"collection":[{"href":"https:\/\/www.pedroandretta.info\/index\/wp-json\/wp\/v2\/posts"}],"about":[{"href":"https:\/\/www.pedroandretta.info\/index\/wp-json\/wp\/v2\/types\/post"}],"author":[{"embeddable":true,"href":"https:\/\/www.pedroandretta.info\/index\/wp-json\/wp\/v2\/users\/1"}],"replies":[{"embeddable":true,"href":"https:\/\/www.pedroandretta.info\/index\/wp-json\/wp\/v2\/comments?post=22046"}],"version-history":[{"count":0,"href":"https:\/\/www.pedroandretta.info\/index\/wp-json\/wp\/v2\/posts\/22046\/revisions"}],"wp:attachment":[{"href":"https:\/\/www.pedroandretta.info\/index\/wp-json\/wp\/v2\/media?parent=22046"}],"wp:term":[{"taxonomy":"category","embeddable":true,"href":"https:\/\/www.pedroandretta.info\/index\/wp-json\/wp\/v2\/categories?post=22046"},{"taxonomy":"post_tag","embeddable":true,"href":"https:\/\/www.pedroandretta.info\/index\/wp-json\/wp\/v2\/tags?post=22046"}],"curies":[{"name":"wp","href":"https:\/\/api.w.org\/{rel}","templated":true}]}}