{"id":22105,"date":"2023-10-20T11:41:00","date_gmt":"2023-10-20T15:41:00","guid":{"rendered":"https:\/\/www.pedroandretta.info\/index\/?p=22105"},"modified":"2023-10-20T11:41:03","modified_gmt":"2023-10-20T15:41:03","slug":"cinco-instituicoes-particulares-concentram-27-dos-alunos-de-graduacao-do-pais","status":"publish","type":"post","link":"https:\/\/www.pedroandretta.info\/index\/2023\/10\/cinco-instituicoes-particulares-concentram-27-dos-alunos-de-graduacao-do-pais\/","title":{"rendered":"Cinco institui\u00e7\u00f5es particulares concentram 27% dos alunos de gradua\u00e7\u00e3o do pa\u00eds"},"content":{"rendered":"\n<p><strong>Cinco institui\u00e7\u00f5es particulares concentram 27% dos alunos de gradua\u00e7\u00e3o do pa\u00eds<\/strong><\/p>\n\n\n\n<p>&#8220;Em 2012, essas mesmas cinco institui\u00e7\u00f5es que lideram o ranking atual concentravam 10% das matr\u00edculas de gradua\u00e7\u00e3o do pa\u00eds, com pouco mais de 716 mil estudantes. Somadas, elas mais do que triplicaram o n\u00famero de alunos no per\u00edodo. <br>A maior concentra\u00e7\u00e3o verificada se d\u00e1 a partir de 2017, ap\u00f3s um decreto do governo Michel Temer (MDB) dar autonomia para as institui\u00e7\u00f5es de ensino abrirem at\u00e9 250 polos de ensino a dist\u00e2ncia sem a necessidade de aprova\u00e7\u00e3o pelo Minist\u00e9rio da Educa\u00e7\u00e3o, como ocorria antes.&#8221;<\/p>\n\n\n\n<p>via Folha de S. Paulo<\/p>\n\n\n\n<p>#EnsinoSuperior<\/p>\n\n\n\n<p>Dispon\u00edvel em: <a href=\"https:\/\/www1.folha.uol.com.br\/educacao\/2023\/10\/cinco-instituicoes-particulares-concentram-27-dos-alunos-de-graduacao-do-pais.shtml\">https:\/\/www1.folha.uol.com.br\/educacao\/2023\/10\/cinco-instituicoes-particulares-concentram-27-dos-alunos-de-graduacao-do-pais.shtml<\/a><\/p>\n\n\n\n<figure class=\"wp-block-image size-large\"><img data-recalc-dims=\"1\" decoding=\"async\" width=\"600\" height=\"430\" src=\"https:\/\/i0.wp.com\/www.pedroandretta.info\/index\/wp-content\/uploads\/2023\/10\/image-70.png?resize=600%2C430&#038;ssl=1\" alt=\"\" class=\"wp-image-22106\" srcset=\"https:\/\/i0.wp.com\/www.pedroandretta.info\/index\/wp-content\/uploads\/2023\/10\/image-70.png?resize=600%2C430&amp;ssl=1 600w, https:\/\/i0.wp.com\/www.pedroandretta.info\/index\/wp-content\/uploads\/2023\/10\/image-70.png?resize=300%2C215&amp;ssl=1 300w, https:\/\/i0.wp.com\/www.pedroandretta.info\/index\/wp-content\/uploads\/2023\/10\/image-70.png?w=683&amp;ssl=1 683w\" sizes=\"(max-width: 600px) 100vw, 600px\" \/><\/figure>\n","protected":false},"excerpt":{"rendered":"<p>Cinco institui\u00e7\u00f5es particulares concentram 27% dos alunos de gradua\u00e7\u00e3o do pa\u00eds &#8220;Em 2012, essas mesmas cinco institui\u00e7\u00f5es que lideram o ranking atual concentravam 10% das matr\u00edculas de gradua\u00e7\u00e3o do pa\u00eds, com pouco mais de 716 mil estudantes. Somadas, elas mais do que triplicaram o n\u00famero de alunos no per\u00edodo. A maior concentra\u00e7\u00e3o verificada se d\u00e1<\/p><\/div>\n<div class=\"blog-btn\"><a href=\"https:\/\/www.pedroandretta.info\/index\/2023\/10\/cinco-instituicoes-particulares-concentram-27-dos-alunos-de-graduacao-do-pais\/\" class=\"home-blog-btn\">Ler mais<\/a><\/p>\n","protected":false},"author":1,"featured_media":0,"comment_status":"open","ping_status":"open","sticky":false,"template":"","format":"standard","meta":{"_jetpack_memberships_contains_paid_content":false,"footnotes":"","jetpack_publicize_message":"","jetpack_publicize_feature_enabled":true,"jetpack_social_post_already_shared":true,"jetpack_social_options":{"image_generator_settings":{"template":"highway","default_image_id":0,"font":"","enabled":false},"version":2}},"categories":[21],"tags":[888],"class_list":["post-22105","post","type-post","status-publish","format-standard","hentry","category-informeci","tag-ensinosuperior"],"jetpack_publicize_connections":[],"jetpack_featured_media_url":"","views":"","jetpack_sharing_enabled":true,"_links":{"self":[{"href":"https:\/\/www.pedroandretta.info\/index\/wp-json\/wp\/v2\/posts\/22105","targetHints":{"allow":["GET"]}}],"collection":[{"href":"https:\/\/www.pedroandretta.info\/index\/wp-json\/wp\/v2\/posts"}],"about":[{"href":"https:\/\/www.pedroandretta.info\/index\/wp-json\/wp\/v2\/types\/post"}],"author":[{"embeddable":true,"href":"https:\/\/www.pedroandretta.info\/index\/wp-json\/wp\/v2\/users\/1"}],"replies":[{"embeddable":true,"href":"https:\/\/www.pedroandretta.info\/index\/wp-json\/wp\/v2\/comments?post=22105"}],"version-history":[{"count":0,"href":"https:\/\/www.pedroandretta.info\/index\/wp-json\/wp\/v2\/posts\/22105\/revisions"}],"wp:attachment":[{"href":"https:\/\/www.pedroandretta.info\/index\/wp-json\/wp\/v2\/media?parent=22105"}],"wp:term":[{"taxonomy":"category","embeddable":true,"href":"https:\/\/www.pedroandretta.info\/index\/wp-json\/wp\/v2\/categories?post=22105"},{"taxonomy":"post_tag","embeddable":true,"href":"https:\/\/www.pedroandretta.info\/index\/wp-json\/wp\/v2\/tags?post=22105"}],"curies":[{"name":"wp","href":"https:\/\/api.w.org\/{rel}","templated":true}]}}