{"id":22111,"date":"2023-10-20T11:49:44","date_gmt":"2023-10-20T15:49:44","guid":{"rendered":"https:\/\/www.pedroandretta.info\/index\/?p=22111"},"modified":"2023-10-20T11:49:47","modified_gmt":"2023-10-20T15:49:47","slug":"memoria-e-patrimonio-afro-brasileiro-em-territorio-quilombola","status":"publish","type":"post","link":"https:\/\/www.pedroandretta.info\/index\/2023\/10\/memoria-e-patrimonio-afro-brasileiro-em-territorio-quilombola\/","title":{"rendered":"Mem\u00f3ria e patrim\u00f4nio afro-brasileiro em territ\u00f3rio quilombola"},"content":{"rendered":"\n<p><strong>Mem\u00f3ria e patrim\u00f4nio afro-brasileiro em territ\u00f3rio quilombola: a t\u00f4nica da preserva\u00e7\u00e3o no Quilombo de Buri, em Pedr\u00e3o-BA<\/strong><\/p>\n\n\n\n<p>A an\u00e1lise dos dados mostrou, a import\u00e2ncia da certifica\u00e7\u00e3o quilombola para a mem\u00f3ria da comunidade, mas apontou para a complexidade e diversidade desse territ\u00f3rio, necessitando, portanto, de um processo de acompanhamento, no que diz respeito a prote\u00e7\u00e3o e valoriza\u00e7\u00e3o do seu patrim\u00f4nio cultural, a partir de pol\u00edticas p\u00fablicas de reconhecimento e (re)afirma\u00e7\u00e3o identit\u00e1ria. <\/p>\n\n\n\n<p>#ComunidadesQuilombolas #Patrim\u00f4nio<\/p>\n\n\n\n<p>Dispon\u00edvel em: <a href=\"https:\/\/repositorio.ufba.br\/handle\/ri\/37899\">https:\/\/repositorio.ufba.br\/handle\/ri\/37899<\/a><\/p>\n\n\n\n<figure class=\"wp-block-image size-full\"><img data-recalc-dims=\"1\" decoding=\"async\" width=\"430\" height=\"577\" src=\"https:\/\/i0.wp.com\/www.pedroandretta.info\/index\/wp-content\/uploads\/2023\/10\/image-72.png?resize=430%2C577&#038;ssl=1\" alt=\"\" class=\"wp-image-22112\" srcset=\"https:\/\/i0.wp.com\/www.pedroandretta.info\/index\/wp-content\/uploads\/2023\/10\/image-72.png?w=430&amp;ssl=1 430w, https:\/\/i0.wp.com\/www.pedroandretta.info\/index\/wp-content\/uploads\/2023\/10\/image-72.png?resize=224%2C300&amp;ssl=1 224w\" sizes=\"(max-width: 430px) 100vw, 430px\" \/><\/figure>\n","protected":false},"excerpt":{"rendered":"<p>Mem\u00f3ria e patrim\u00f4nio afro-brasileiro em territ\u00f3rio quilombola: a t\u00f4nica da preserva\u00e7\u00e3o no Quilombo de Buri, em Pedr\u00e3o-BA A an\u00e1lise dos dados mostrou, a import\u00e2ncia da certifica\u00e7\u00e3o quilombola para a mem\u00f3ria da comunidade, mas apontou para a complexidade e diversidade desse territ\u00f3rio, necessitando, portanto, de um processo de acompanhamento, no que diz respeito a prote\u00e7\u00e3o e<\/p><\/div>\n<div class=\"blog-btn\"><a href=\"https:\/\/www.pedroandretta.info\/index\/2023\/10\/memoria-e-patrimonio-afro-brasileiro-em-territorio-quilombola\/\" class=\"home-blog-btn\">Ler mais<\/a><\/p>\n","protected":false},"author":1,"featured_media":0,"comment_status":"open","ping_status":"open","sticky":false,"template":"","format":"standard","meta":{"_jetpack_memberships_contains_paid_content":false,"footnotes":"","jetpack_publicize_message":"","jetpack_publicize_feature_enabled":true,"jetpack_social_post_already_shared":true,"jetpack_social_options":{"image_generator_settings":{"template":"highway","default_image_id":0,"font":"","enabled":false},"version":2}},"categories":[21],"tags":[1087,553],"class_list":["post-22111","post","type-post","status-publish","format-standard","hentry","category-informeci","tag-comunidadesquilbolas","tag-patrimonio"],"jetpack_publicize_connections":[],"jetpack_featured_media_url":"","views":"","jetpack_sharing_enabled":true,"_links":{"self":[{"href":"https:\/\/www.pedroandretta.info\/index\/wp-json\/wp\/v2\/posts\/22111","targetHints":{"allow":["GET"]}}],"collection":[{"href":"https:\/\/www.pedroandretta.info\/index\/wp-json\/wp\/v2\/posts"}],"about":[{"href":"https:\/\/www.pedroandretta.info\/index\/wp-json\/wp\/v2\/types\/post"}],"author":[{"embeddable":true,"href":"https:\/\/www.pedroandretta.info\/index\/wp-json\/wp\/v2\/users\/1"}],"replies":[{"embeddable":true,"href":"https:\/\/www.pedroandretta.info\/index\/wp-json\/wp\/v2\/comments?post=22111"}],"version-history":[{"count":0,"href":"https:\/\/www.pedroandretta.info\/index\/wp-json\/wp\/v2\/posts\/22111\/revisions"}],"wp:attachment":[{"href":"https:\/\/www.pedroandretta.info\/index\/wp-json\/wp\/v2\/media?parent=22111"}],"wp:term":[{"taxonomy":"category","embeddable":true,"href":"https:\/\/www.pedroandretta.info\/index\/wp-json\/wp\/v2\/categories?post=22111"},{"taxonomy":"post_tag","embeddable":true,"href":"https:\/\/www.pedroandretta.info\/index\/wp-json\/wp\/v2\/tags?post=22111"}],"curies":[{"name":"wp","href":"https:\/\/api.w.org\/{rel}","templated":true}]}}